{"id":3574,"date":"2025-03-25T21:03:38","date_gmt":"2025-03-25T20:03:38","guid":{"rendered":"http:\/\/milosierdzie-faustyna.pl\/?p=3574"},"modified":"2025-03-25T21:34:28","modified_gmt":"2025-03-25T20:34:28","slug":"zbiorowa-msza-sw-za-wstawiennictwem-sw-faustyny-zamow-on-line","status":"publish","type":"post","link":"http:\/\/milosierdzie-faustyna.pl\/?p=3574","title":{"rendered":"Zbiorowa Msza \u015bw. za wstawiennictwem \u015bw. Faustyny &#8211; zam\u00f3w on-line"},"content":{"rendered":"\n<p class=\"wp-block-paragraph\">Z uwagi na szybko zape\u0142niaj\u0105cy si\u0119 kalendarz intencji Mszy \u015bw. indywidualnych oraz rosn\u0105c\u0105 liczb\u0119 pielgrzym\u00f3w odwiedzaj\u0105cych nasze Sanktuarium \u2013 zar\u00f3wno z r\u00f3\u017cnych zak\u0105tk\u00f3w Polski, jak i z zagranicy \u2013 postanowili\u015bmy umo\u017cliwi\u0107 zamawianie Mszy \u015bw., w intencjach w\u0142asnych oraz swoich bliskich, przez internet.<\/p>\n\n\n\n<p class=\"wp-block-paragraph\">To wyj\u0105tkowa okazja, by powierzy\u0107 swoje intencje modlitwie w miejscu tak wa\u017cnym na duchowej mapie, gdzie swoj\u0105 drog\u0119 zakonn\u0105 rozpoczyna\u0142a \u015bw. Faustyna. Wszystkie zam\u00f3wione intencje zostan\u0105 w\u0142\u0105czone do Mszy \u015awi\u0119tej zbiorowej, kt\u00f3r\u0105 odprawiamy ka\u017cdego 15-ego dnia miesi\u0105ca o godzinie 18:00 za wstawiennictwem \u015bw. Faustyny.<\/p>\n\n\n\n<p class=\"wp-block-paragraph\">Zapraszamy do duchowego w\u0142\u0105czenia si\u0119 w to szczeg\u00f3lne nabo\u017ce\u0144stwo!<\/p>\n\n\n\n<p class=\"wp-block-paragraph\">Intencje mo\u017cna sk\u0142ada\u0107 on-line za po\u015brednictwem specjalnego linku dost\u0119pnego na naszej stronie internetowej w zak\u0142adce <a href=\"http:\/\/milosierdzie-faustyna.pl\/?page_id=3272\">&gt;Zam\u00f3w Msz\u0119 \u015bw.&lt;<\/a><br><br>Zapraszamy do skorzystania z tej wygodnej formy zamawiania Mszy \u015awi\u0119tych!<\/p>\n\n\n\n<figure class=\"wp-block-image size-full\"><img loading=\"lazy\" decoding=\"async\" width=\"640\" height=\"960\" src=\"http:\/\/milosierdzie-faustyna.pl\/wp-content\/uploads\/2025\/03\/DSC_1655-3.jpg\" alt=\"\" class=\"wp-image-3575\" srcset=\"http:\/\/milosierdzie-faustyna.pl\/wp-content\/uploads\/2025\/03\/DSC_1655-3.jpg 640w, http:\/\/milosierdzie-faustyna.pl\/wp-content\/uploads\/2025\/03\/DSC_1655-3-200x300.jpg 200w\" sizes=\"auto, (max-width: 640px) 100vw, 640px\" \/><\/figure>\n","protected":false},"excerpt":{"rendered":"<p>Z uwagi na szybko zape\u0142niaj\u0105cy si\u0119 kalendarz intencji Mszy \u015bw. indywidualnych oraz rosn\u0105c\u0105 liczb\u0119 pielgrzym\u00f3w odwiedzaj\u0105cych nasze Sanktuarium \u2013 zar\u00f3wno z r\u00f3\u017cnych zak\u0105tk\u00f3w Polski, jak i z zagranicy \u2013 postanowili\u015bmy umo\u017cliwi\u0107 zamawianie Mszy \u015bw., w intencjach w\u0142asnych oraz swoich bliskich, przez internet. To wyj\u0105tkowa okazja, by powierzy\u0107 swoje intencje modlitwie w miejscu tak wa\u017cnym na [&hellip;]<\/p>\n","protected":false},"author":1,"featured_media":0,"comment_status":"closed","ping_status":"closed","sticky":false,"template":"","format":"standard","meta":{"_crdt_document":"","ngg_post_thumbnail":0,"footnotes":""},"categories":[1],"tags":[],"class_list":["post-3574","post","type-post","status-publish","format-standard","hentry","category-aktualnosci"],"yoast_head":"<!-- This site is optimized with the Yoast SEO plugin v27.4 - https:\/\/yoast.com\/product\/yoast-seo-wordpress\/ -->\n<title>Zbiorowa Msza \u015bw. za wstawiennictwem \u015bw. Faustyny - zam\u00f3w on-line | SANKTUARIUM \u015aW. FAUSTYNY<\/title>\n<meta name=\"robots\" content=\"index, follow, max-snippet:-1, max-image-preview:large, max-video-preview:-1\" \/>\n<link rel=\"canonical\" href=\"http:\/\/milosierdzie-faustyna.pl\/?p=3574\" \/>\n<meta property=\"og:locale\" content=\"pl_PL\" \/>\n<meta property=\"og:type\" content=\"article\" \/>\n<meta property=\"og:title\" content=\"Zbiorowa Msza \u015bw. za wstawiennictwem \u015bw. Faustyny - zam\u00f3w on-line | SANKTUARIUM \u015aW. FAUSTYNY\" \/>\n<meta property=\"og:description\" content=\"Z uwagi na szybko zape\u0142niaj\u0105cy si\u0119 kalendarz intencji Mszy \u015bw. indywidualnych oraz rosn\u0105c\u0105 liczb\u0119 pielgrzym\u00f3w odwiedzaj\u0105cych nasze Sanktuarium \u2013 zar\u00f3wno z r\u00f3\u017cnych zak\u0105tk\u00f3w Polski, jak i z zagranicy \u2013 postanowili\u015bmy umo\u017cliwi\u0107 zamawianie Mszy \u015bw., w intencjach w\u0142asnych oraz swoich bliskich, przez internet. To wyj\u0105tkowa okazja, by powierzy\u0107 swoje intencje modlitwie w miejscu tak wa\u017cnym na [&hellip;]\" \/>\n<meta property=\"og:url\" content=\"http:\/\/milosierdzie-faustyna.pl\/?p=3574\" \/>\n<meta property=\"og:site_name\" content=\"SANKTUARIUM \u015aW. FAUSTYNY\" \/>\n<meta property=\"article:publisher\" content=\"https:\/\/www.facebook.com\/SanktuariumSwFaustyny\" \/>\n<meta property=\"article:published_time\" content=\"2025-03-25T20:03:38+00:00\" \/>\n<meta property=\"article:modified_time\" content=\"2025-03-25T20:34:28+00:00\" \/>\n<meta property=\"og:image\" content=\"http:\/\/milosierdzie-faustyna.pl\/wp-content\/uploads\/2025\/03\/DSC_1655-3.jpg\" \/>\n<meta name=\"author\" content=\"Sanktuarium \u015bw. Faustyny\" \/>\n<meta name=\"twitter:card\" content=\"summary_large_image\" \/>\n<meta name=\"twitter:label1\" content=\"Napisane przez\" \/>\n\t<meta name=\"twitter:data1\" content=\"Sanktuarium \u015bw. Faustyny\" \/>\n\t<meta name=\"twitter:label2\" content=\"Szacowany czas czytania\" \/>\n\t<meta name=\"twitter:data2\" content=\"1 minuta\" \/>\n<script type=\"application\/ld+json\" class=\"yoast-schema-graph\">{\"@context\":\"https:\\\/\\\/schema.org\",\"@graph\":[{\"@type\":\"Article\",\"@id\":\"http:\\\/\\\/milosierdzie-faustyna.pl\\\/?p=3574#article\",\"isPartOf\":{\"@id\":\"http:\\\/\\\/milosierdzie-faustyna.pl\\\/?p=3574\"},\"author\":{\"name\":\"Sanktuarium \u015bw. Faustyny\",\"@id\":\"http:\\\/\\\/milosierdzie-faustyna.pl\\\/#\\\/schema\\\/person\\\/29760652e565ae36316c1242be189025\"},\"headline\":\"Zbiorowa Msza \u015bw. za wstawiennictwem \u015bw. Faustyny &#8211; zam\u00f3w on-line\",\"datePublished\":\"2025-03-25T20:03:38+00:00\",\"dateModified\":\"2025-03-25T20:34:28+00:00\",\"mainEntityOfPage\":{\"@id\":\"http:\\\/\\\/milosierdzie-faustyna.pl\\\/?p=3574\"},\"wordCount\":165,\"publisher\":{\"@id\":\"http:\\\/\\\/milosierdzie-faustyna.pl\\\/#organization\"},\"image\":{\"@id\":\"http:\\\/\\\/milosierdzie-faustyna.pl\\\/?p=3574#primaryimage\"},\"thumbnailUrl\":\"http:\\\/\\\/milosierdzie-faustyna.pl\\\/wp-content\\\/uploads\\\/2025\\\/03\\\/DSC_1655-3.jpg\",\"articleSection\":[\"aktualno\u015bci\"],\"inLanguage\":\"pl-PL\"},{\"@type\":\"WebPage\",\"@id\":\"http:\\\/\\\/milosierdzie-faustyna.pl\\\/?p=3574\",\"url\":\"http:\\\/\\\/milosierdzie-faustyna.pl\\\/?p=3574\",\"name\":\"Zbiorowa Msza \u015bw. za wstawiennictwem \u015bw. Faustyny - zam\u00f3w on-line | SANKTUARIUM \u015aW. FAUSTYNY\",\"isPartOf\":{\"@id\":\"http:\\\/\\\/milosierdzie-faustyna.pl\\\/#website\"},\"primaryImageOfPage\":{\"@id\":\"http:\\\/\\\/milosierdzie-faustyna.pl\\\/?p=3574#primaryimage\"},\"image\":{\"@id\":\"http:\\\/\\\/milosierdzie-faustyna.pl\\\/?p=3574#primaryimage\"},\"thumbnailUrl\":\"http:\\\/\\\/milosierdzie-faustyna.pl\\\/wp-content\\\/uploads\\\/2025\\\/03\\\/DSC_1655-3.jpg\",\"datePublished\":\"2025-03-25T20:03:38+00:00\",\"dateModified\":\"2025-03-25T20:34:28+00:00\",\"breadcrumb\":{\"@id\":\"http:\\\/\\\/milosierdzie-faustyna.pl\\\/?p=3574#breadcrumb\"},\"inLanguage\":\"pl-PL\",\"potentialAction\":[{\"@type\":\"ReadAction\",\"target\":[\"http:\\\/\\\/milosierdzie-faustyna.pl\\\/?p=3574\"]}]},{\"@type\":\"ImageObject\",\"inLanguage\":\"pl-PL\",\"@id\":\"http:\\\/\\\/milosierdzie-faustyna.pl\\\/?p=3574#primaryimage\",\"url\":\"http:\\\/\\\/milosierdzie-faustyna.pl\\\/wp-content\\\/uploads\\\/2025\\\/03\\\/DSC_1655-3.jpg\",\"contentUrl\":\"http:\\\/\\\/milosierdzie-faustyna.pl\\\/wp-content\\\/uploads\\\/2025\\\/03\\\/DSC_1655-3.jpg\",\"width\":640,\"height\":960},{\"@type\":\"BreadcrumbList\",\"@id\":\"http:\\\/\\\/milosierdzie-faustyna.pl\\\/?p=3574#breadcrumb\",\"itemListElement\":[{\"@type\":\"ListItem\",\"position\":1,\"name\":\"Strona g\u0142\u00f3wna\",\"item\":\"http:\\\/\\\/milosierdzie-faustyna.pl\\\/\"},{\"@type\":\"ListItem\",\"position\":2,\"name\":\"Zbiorowa Msza \u015bw. za wstawiennictwem \u015bw. Faustyny &#8211; zam\u00f3w on-line\"}]},{\"@type\":\"WebSite\",\"@id\":\"http:\\\/\\\/milosierdzie-faustyna.pl\\\/#website\",\"url\":\"http:\\\/\\\/milosierdzie-faustyna.pl\\\/\",\"name\":\"SANKTUARIUM \u015aW. FAUSTYNY\",\"description\":\"Parafia Mi\u0142osierdzia Bo\u017cego i \u015bw. Faustyny w Warszawie\",\"publisher\":{\"@id\":\"http:\\\/\\\/milosierdzie-faustyna.pl\\\/#organization\"},\"alternateName\":\"Parafia Mi\u0142osierdzia i \u015bw. Faustyny\",\"potentialAction\":[{\"@type\":\"SearchAction\",\"target\":{\"@type\":\"EntryPoint\",\"urlTemplate\":\"http:\\\/\\\/milosierdzie-faustyna.pl\\\/?s={search_term_string}\"},\"query-input\":{\"@type\":\"PropertyValueSpecification\",\"valueRequired\":true,\"valueName\":\"search_term_string\"}}],\"inLanguage\":\"pl-PL\"},{\"@type\":\"Organization\",\"@id\":\"http:\\\/\\\/milosierdzie-faustyna.pl\\\/#organization\",\"name\":\"SANKTUARIUM \u015aW. FAUSTYNY\",\"alternateName\":\"Parafia Mi\u0142osierdzia Bo\u017cego i \u015bw. Faustyny\",\"url\":\"http:\\\/\\\/milosierdzie-faustyna.pl\\\/\",\"logo\":{\"@type\":\"ImageObject\",\"inLanguage\":\"pl-PL\",\"@id\":\"http:\\\/\\\/milosierdzie-faustyna.pl\\\/#\\\/schema\\\/logo\\\/image\\\/\",\"url\":\"http:\\\/\\\/milosierdzie-faustyna.pl\\\/wp-content\\\/uploads\\\/2024\\\/11\\\/DSC4910-scaled.jpg\",\"contentUrl\":\"http:\\\/\\\/milosierdzie-faustyna.pl\\\/wp-content\\\/uploads\\\/2024\\\/11\\\/DSC4910-scaled.jpg\",\"width\":1707,\"height\":2560,\"caption\":\"SANKTUARIUM \u015aW. FAUSTYNY\"},\"image\":{\"@id\":\"http:\\\/\\\/milosierdzie-faustyna.pl\\\/#\\\/schema\\\/logo\\\/image\\\/\"},\"sameAs\":[\"https:\\\/\\\/www.facebook.com\\\/SanktuariumSwFaustyny\",\"https:\\\/\\\/www.instagram.com\\\/sanktuarium_sw.faustyny\\\/\",\"https:\\\/\\\/www.youtube.com\\\/@sanktuariumsw.faustynyprzy4967\"]},{\"@type\":\"Person\",\"@id\":\"http:\\\/\\\/milosierdzie-faustyna.pl\\\/#\\\/schema\\\/person\\\/29760652e565ae36316c1242be189025\",\"name\":\"Sanktuarium \u015bw. Faustyny\",\"image\":{\"@type\":\"ImageObject\",\"inLanguage\":\"pl-PL\",\"@id\":\"https:\\\/\\\/secure.gravatar.com\\\/avatar\\\/c092bd472375a3716c089cc240a146cbc3c124dc27a6ded5c35a40e123827f52?s=96&d=blank&r=g\",\"url\":\"https:\\\/\\\/secure.gravatar.com\\\/avatar\\\/c092bd472375a3716c089cc240a146cbc3c124dc27a6ded5c35a40e123827f52?s=96&d=blank&r=g\",\"contentUrl\":\"https:\\\/\\\/secure.gravatar.com\\\/avatar\\\/c092bd472375a3716c089cc240a146cbc3c124dc27a6ded5c35a40e123827f52?s=96&d=blank&r=g\",\"caption\":\"Sanktuarium \u015bw. Faustyny\"},\"sameAs\":[\"http:\\\/\\\/milosierdzie-faustyna.pl\"],\"url\":\"http:\\\/\\\/milosierdzie-faustyna.pl\\\/?author=1\"}]}<\/script>\n<!-- \/ Yoast SEO plugin. -->","yoast_head_json":{"title":"Zbiorowa Msza \u015bw. za wstawiennictwem \u015bw. Faustyny - zam\u00f3w on-line | SANKTUARIUM \u015aW. FAUSTYNY","robots":{"index":"index","follow":"follow","max-snippet":"max-snippet:-1","max-image-preview":"max-image-preview:large","max-video-preview":"max-video-preview:-1"},"canonical":"http:\/\/milosierdzie-faustyna.pl\/?p=3574","og_locale":"pl_PL","og_type":"article","og_title":"Zbiorowa Msza \u015bw. za wstawiennictwem \u015bw. Faustyny - zam\u00f3w on-line | SANKTUARIUM \u015aW. FAUSTYNY","og_description":"Z uwagi na szybko zape\u0142niaj\u0105cy si\u0119 kalendarz intencji Mszy \u015bw. indywidualnych oraz rosn\u0105c\u0105 liczb\u0119 pielgrzym\u00f3w odwiedzaj\u0105cych nasze Sanktuarium \u2013 zar\u00f3wno z r\u00f3\u017cnych zak\u0105tk\u00f3w Polski, jak i z zagranicy \u2013 postanowili\u015bmy umo\u017cliwi\u0107 zamawianie Mszy \u015bw., w intencjach w\u0142asnych oraz swoich bliskich, przez internet. To wyj\u0105tkowa okazja, by powierzy\u0107 swoje intencje modlitwie w miejscu tak wa\u017cnym na [&hellip;]","og_url":"http:\/\/milosierdzie-faustyna.pl\/?p=3574","og_site_name":"SANKTUARIUM \u015aW. FAUSTYNY","article_publisher":"https:\/\/www.facebook.com\/SanktuariumSwFaustyny","article_published_time":"2025-03-25T20:03:38+00:00","article_modified_time":"2025-03-25T20:34:28+00:00","og_image":[{"url":"http:\/\/milosierdzie-faustyna.pl\/wp-content\/uploads\/2025\/03\/DSC_1655-3.jpg","type":"","width":"","height":""}],"author":"Sanktuarium \u015bw. Faustyny","twitter_card":"summary_large_image","twitter_misc":{"Napisane przez":"Sanktuarium \u015bw. Faustyny","Szacowany czas czytania":"1 minuta"},"schema":{"@context":"https:\/\/schema.org","@graph":[{"@type":"Article","@id":"http:\/\/milosierdzie-faustyna.pl\/?p=3574#article","isPartOf":{"@id":"http:\/\/milosierdzie-faustyna.pl\/?p=3574"},"author":{"name":"Sanktuarium \u015bw. Faustyny","@id":"http:\/\/milosierdzie-faustyna.pl\/#\/schema\/person\/29760652e565ae36316c1242be189025"},"headline":"Zbiorowa Msza \u015bw. za wstawiennictwem \u015bw. Faustyny &#8211; zam\u00f3w on-line","datePublished":"2025-03-25T20:03:38+00:00","dateModified":"2025-03-25T20:34:28+00:00","mainEntityOfPage":{"@id":"http:\/\/milosierdzie-faustyna.pl\/?p=3574"},"wordCount":165,"publisher":{"@id":"http:\/\/milosierdzie-faustyna.pl\/#organization"},"image":{"@id":"http:\/\/milosierdzie-faustyna.pl\/?p=3574#primaryimage"},"thumbnailUrl":"http:\/\/milosierdzie-faustyna.pl\/wp-content\/uploads\/2025\/03\/DSC_1655-3.jpg","articleSection":["aktualno\u015bci"],"inLanguage":"pl-PL"},{"@type":"WebPage","@id":"http:\/\/milosierdzie-faustyna.pl\/?p=3574","url":"http:\/\/milosierdzie-faustyna.pl\/?p=3574","name":"Zbiorowa Msza \u015bw. za wstawiennictwem \u015bw. Faustyny - zam\u00f3w on-line | SANKTUARIUM \u015aW. FAUSTYNY","isPartOf":{"@id":"http:\/\/milosierdzie-faustyna.pl\/#website"},"primaryImageOfPage":{"@id":"http:\/\/milosierdzie-faustyna.pl\/?p=3574#primaryimage"},"image":{"@id":"http:\/\/milosierdzie-faustyna.pl\/?p=3574#primaryimage"},"thumbnailUrl":"http:\/\/milosierdzie-faustyna.pl\/wp-content\/uploads\/2025\/03\/DSC_1655-3.jpg","datePublished":"2025-03-25T20:03:38+00:00","dateModified":"2025-03-25T20:34:28+00:00","breadcrumb":{"@id":"http:\/\/milosierdzie-faustyna.pl\/?p=3574#breadcrumb"},"inLanguage":"pl-PL","potentialAction":[{"@type":"ReadAction","target":["http:\/\/milosierdzie-faustyna.pl\/?p=3574"]}]},{"@type":"ImageObject","inLanguage":"pl-PL","@id":"http:\/\/milosierdzie-faustyna.pl\/?p=3574#primaryimage","url":"http:\/\/milosierdzie-faustyna.pl\/wp-content\/uploads\/2025\/03\/DSC_1655-3.jpg","contentUrl":"http:\/\/milosierdzie-faustyna.pl\/wp-content\/uploads\/2025\/03\/DSC_1655-3.jpg","width":640,"height":960},{"@type":"BreadcrumbList","@id":"http:\/\/milosierdzie-faustyna.pl\/?p=3574#breadcrumb","itemListElement":[{"@type":"ListItem","position":1,"name":"Strona g\u0142\u00f3wna","item":"http:\/\/milosierdzie-faustyna.pl\/"},{"@type":"ListItem","position":2,"name":"Zbiorowa Msza \u015bw. za wstawiennictwem \u015bw. Faustyny &#8211; zam\u00f3w on-line"}]},{"@type":"WebSite","@id":"http:\/\/milosierdzie-faustyna.pl\/#website","url":"http:\/\/milosierdzie-faustyna.pl\/","name":"SANKTUARIUM \u015aW. FAUSTYNY","description":"Parafia Mi\u0142osierdzia Bo\u017cego i \u015bw. Faustyny w Warszawie","publisher":{"@id":"http:\/\/milosierdzie-faustyna.pl\/#organization"},"alternateName":"Parafia Mi\u0142osierdzia i \u015bw. Faustyny","potentialAction":[{"@type":"SearchAction","target":{"@type":"EntryPoint","urlTemplate":"http:\/\/milosierdzie-faustyna.pl\/?s={search_term_string}"},"query-input":{"@type":"PropertyValueSpecification","valueRequired":true,"valueName":"search_term_string"}}],"inLanguage":"pl-PL"},{"@type":"Organization","@id":"http:\/\/milosierdzie-faustyna.pl\/#organization","name":"SANKTUARIUM \u015aW. FAUSTYNY","alternateName":"Parafia Mi\u0142osierdzia Bo\u017cego i \u015bw. Faustyny","url":"http:\/\/milosierdzie-faustyna.pl\/","logo":{"@type":"ImageObject","inLanguage":"pl-PL","@id":"http:\/\/milosierdzie-faustyna.pl\/#\/schema\/logo\/image\/","url":"http:\/\/milosierdzie-faustyna.pl\/wp-content\/uploads\/2024\/11\/DSC4910-scaled.jpg","contentUrl":"http:\/\/milosierdzie-faustyna.pl\/wp-content\/uploads\/2024\/11\/DSC4910-scaled.jpg","width":1707,"height":2560,"caption":"SANKTUARIUM \u015aW. FAUSTYNY"},"image":{"@id":"http:\/\/milosierdzie-faustyna.pl\/#\/schema\/logo\/image\/"},"sameAs":["https:\/\/www.facebook.com\/SanktuariumSwFaustyny","https:\/\/www.instagram.com\/sanktuarium_sw.faustyny\/","https:\/\/www.youtube.com\/@sanktuariumsw.faustynyprzy4967"]},{"@type":"Person","@id":"http:\/\/milosierdzie-faustyna.pl\/#\/schema\/person\/29760652e565ae36316c1242be189025","name":"Sanktuarium \u015bw. Faustyny","image":{"@type":"ImageObject","inLanguage":"pl-PL","@id":"https:\/\/secure.gravatar.com\/avatar\/c092bd472375a3716c089cc240a146cbc3c124dc27a6ded5c35a40e123827f52?s=96&d=blank&r=g","url":"https:\/\/secure.gravatar.com\/avatar\/c092bd472375a3716c089cc240a146cbc3c124dc27a6ded5c35a40e123827f52?s=96&d=blank&r=g","contentUrl":"https:\/\/secure.gravatar.com\/avatar\/c092bd472375a3716c089cc240a146cbc3c124dc27a6ded5c35a40e123827f52?s=96&d=blank&r=g","caption":"Sanktuarium \u015bw. Faustyny"},"sameAs":["http:\/\/milosierdzie-faustyna.pl"],"url":"http:\/\/milosierdzie-faustyna.pl\/?author=1"}]}},"_links":{"self":[{"href":"http:\/\/milosierdzie-faustyna.pl\/index.php?rest_route=\/wp\/v2\/posts\/3574","targetHints":{"allow":["GET"]}}],"collection":[{"href":"http:\/\/milosierdzie-faustyna.pl\/index.php?rest_route=\/wp\/v2\/posts"}],"about":[{"href":"http:\/\/milosierdzie-faustyna.pl\/index.php?rest_route=\/wp\/v2\/types\/post"}],"author":[{"embeddable":true,"href":"http:\/\/milosierdzie-faustyna.pl\/index.php?rest_route=\/wp\/v2\/users\/1"}],"replies":[{"embeddable":true,"href":"http:\/\/milosierdzie-faustyna.pl\/index.php?rest_route=%2Fwp%2Fv2%2Fcomments&post=3574"}],"version-history":[{"count":2,"href":"http:\/\/milosierdzie-faustyna.pl\/index.php?rest_route=\/wp\/v2\/posts\/3574\/revisions"}],"predecessor-version":[{"id":3585,"href":"http:\/\/milosierdzie-faustyna.pl\/index.php?rest_route=\/wp\/v2\/posts\/3574\/revisions\/3585"}],"wp:attachment":[{"href":"http:\/\/milosierdzie-faustyna.pl\/index.php?rest_route=%2Fwp%2Fv2%2Fmedia&parent=3574"}],"wp:term":[{"taxonomy":"category","embeddable":true,"href":"http:\/\/milosierdzie-faustyna.pl\/index.php?rest_route=%2Fwp%2Fv2%2Fcategories&post=3574"},{"taxonomy":"post_tag","embeddable":true,"href":"http:\/\/milosierdzie-faustyna.pl\/index.php?rest_route=%2Fwp%2Fv2%2Ftags&post=3574"}],"curies":[{"name":"wp","href":"https:\/\/api.w.org\/{rel}","templated":true}]}}