{"id":3697,"date":"2025-04-14T12:31:24","date_gmt":"2025-04-14T10:31:24","guid":{"rendered":"http:\/\/milosierdzie-faustyna.pl\/?p=3697"},"modified":"2025-04-14T12:32:58","modified_gmt":"2025-04-14T10:32:58","slug":"triduum-paschalne-2025","status":"publish","type":"post","link":"http:\/\/milosierdzie-faustyna.pl\/?p=3697","title":{"rendered":"TRIDUUM PASCHALNE 2025"},"content":{"rendered":"\n<p class=\"wp-block-paragraph\">&#8222;Patrz w Moje mi\u0142o\u015bci i pe\u0142ne mi\u0142osierdzia serce, jakie mam dla ludzi, a szczeg\u00f3lnie dla grzesznik\u00f3w. Patrz i wnikaj w m\u0119k\u0119 Moj\u0105.&#8221;<\/p>\n\n\n\n<p class=\"wp-block-paragraph\">(Dz. 1663 Wielki Czwartek)<\/p>\n\n\n\n<p class=\"wp-block-paragraph\"><img loading=\"lazy\" decoding=\"async\" height=\"16\" width=\"16\" alt=\"\ud83d\ude4f\" src=\"https:\/\/static.xx.fbcdn.net\/images\/emoji.php\/v9\/t80\/1\/16\/1f64f.png\"> Zapraszamy na Triduum Paschalne! <img loading=\"lazy\" decoding=\"async\" height=\"16\" width=\"16\" alt=\"\ud83d\ude4f\" src=\"https:\/\/static.xx.fbcdn.net\/images\/emoji.php\/v9\/t80\/1\/16\/1f64f.png\"><\/p>\n\n\n\n<p class=\"wp-block-paragraph\">Drodzy <a><\/a>Parafianie i Przyjaciele naszego Sanktuarium,<\/p>\n\n\n\n<p class=\"wp-block-paragraph\">Zapraszamy Was do wsp\u00f3lnego prze\u017cywania najwa\u017cniejszych dni w roku liturgicznym \u2013 Triduum Paschalnego, kt\u00f3re prowadzi nas przez m\u0119k\u0119, \u015bmier\u0107 i chwalebne Zmartwychwstanie Chrystusa.<\/p>\n\n\n\n<p class=\"wp-block-paragraph\">Zatrzymajmy si\u0119 razem na chwil\u0119 refleksji, modlitwy i g\u0142\u0119bokiego spotkania z Tajemnic\u0105 naszej wiary.<\/p>\n\n\n\n<p class=\"wp-block-paragraph\">Szczeg\u00f3\u0142owy plan nabo\u017ce\u0144stw znajdziecie na plakacie do\u0142\u0105czonym do posta i w <a href=\"http:\/\/milosierdzie-faustyna.pl\/?page_id=4\"><mark style=\"background-color:rgba(0, 0, 0, 0)\" class=\"has-inline-color has-vivid-red-color\">og\u0142oszeniach<\/mark><\/a><\/p>\n\n\n\n<p class=\"wp-block-paragraph\">Zach\u0119camy do udost\u0119pniania i zapraszania bliskich.<\/p>\n\n\n\n<figure class=\"wp-block-image size-large\"><img loading=\"lazy\" decoding=\"async\" width=\"1024\" height=\"577\" src=\"http:\/\/milosierdzie-faustyna.pl\/wp-content\/uploads\/2025\/04\/Neutral-Minimalist-Vintage-Photocentric-Holy-Week-Schedule-Facebook-Cover-1024x577.jpg\" alt=\"\" class=\"wp-image-3698\" srcset=\"http:\/\/milosierdzie-faustyna.pl\/wp-content\/uploads\/2025\/04\/Neutral-Minimalist-Vintage-Photocentric-Holy-Week-Schedule-Facebook-Cover-1024x577.jpg 1024w, http:\/\/milosierdzie-faustyna.pl\/wp-content\/uploads\/2025\/04\/Neutral-Minimalist-Vintage-Photocentric-Holy-Week-Schedule-Facebook-Cover-300x169.jpg 300w, http:\/\/milosierdzie-faustyna.pl\/wp-content\/uploads\/2025\/04\/Neutral-Minimalist-Vintage-Photocentric-Holy-Week-Schedule-Facebook-Cover-768x433.jpg 768w, http:\/\/milosierdzie-faustyna.pl\/wp-content\/uploads\/2025\/04\/Neutral-Minimalist-Vintage-Photocentric-Holy-Week-Schedule-Facebook-Cover-1536x865.jpg 1536w, http:\/\/milosierdzie-faustyna.pl\/wp-content\/uploads\/2025\/04\/Neutral-Minimalist-Vintage-Photocentric-Holy-Week-Schedule-Facebook-Cover-2048x1154.jpg 2048w, http:\/\/milosierdzie-faustyna.pl\/wp-content\/uploads\/2025\/04\/Neutral-Minimalist-Vintage-Photocentric-Holy-Week-Schedule-Facebook-Cover-750x422.jpg 750w, http:\/\/milosierdzie-faustyna.pl\/wp-content\/uploads\/2025\/04\/Neutral-Minimalist-Vintage-Photocentric-Holy-Week-Schedule-Facebook-Cover-24x14.jpg 24w, http:\/\/milosierdzie-faustyna.pl\/wp-content\/uploads\/2025\/04\/Neutral-Minimalist-Vintage-Photocentric-Holy-Week-Schedule-Facebook-Cover-36x20.jpg 36w, http:\/\/milosierdzie-faustyna.pl\/wp-content\/uploads\/2025\/04\/Neutral-Minimalist-Vintage-Photocentric-Holy-Week-Schedule-Facebook-Cover-48x27.jpg 48w\" sizes=\"auto, (max-width: 1024px) 100vw, 1024px\" \/><\/figure>\n","protected":false},"excerpt":{"rendered":"<p>&#8222;Patrz w Moje mi\u0142o\u015bci i pe\u0142ne mi\u0142osierdzia serce, jakie mam dla ludzi, a szczeg\u00f3lnie dla grzesznik\u00f3w. Patrz i wnikaj w m\u0119k\u0119 Moj\u0105.&#8221; (Dz. 1663 Wielki Czwartek) Zapraszamy na Triduum Paschalne! Drodzy Parafianie i Przyjaciele naszego Sanktuarium, Zapraszamy Was do wsp\u00f3lnego prze\u017cywania najwa\u017cniejszych dni w roku liturgicznym \u2013 Triduum Paschalnego, kt\u00f3re prowadzi nas przez m\u0119k\u0119, \u015bmier\u0107 [&hellip;]<\/p>\n","protected":false},"author":1,"featured_media":0,"comment_status":"closed","ping_status":"closed","sticky":false,"template":"","format":"standard","meta":{"_crdt_document":"","ngg_post_thumbnail":0,"footnotes":""},"categories":[1],"tags":[],"class_list":["post-3697","post","type-post","status-publish","format-standard","hentry","category-aktualnosci"],"yoast_head":"<!-- This site is optimized with the Yoast SEO plugin v27.4 - https:\/\/yoast.com\/product\/yoast-seo-wordpress\/ -->\n<title>TRIDUUM PASCHALNE 2025 | SANKTUARIUM \u015aW. FAUSTYNY<\/title>\n<meta name=\"robots\" content=\"index, follow, max-snippet:-1, max-image-preview:large, max-video-preview:-1\" \/>\n<link rel=\"canonical\" href=\"https:\/\/milosierdzie-faustyna.pl\/?p=3697\" \/>\n<meta property=\"og:locale\" content=\"pl_PL\" \/>\n<meta property=\"og:type\" content=\"article\" \/>\n<meta property=\"og:title\" content=\"TRIDUUM PASCHALNE 2025 | SANKTUARIUM \u015aW. FAUSTYNY\" \/>\n<meta property=\"og:description\" content=\"&#8222;Patrz w Moje mi\u0142o\u015bci i pe\u0142ne mi\u0142osierdzia serce, jakie mam dla ludzi, a szczeg\u00f3lnie dla grzesznik\u00f3w. Patrz i wnikaj w m\u0119k\u0119 Moj\u0105.&#8221; (Dz. 1663 Wielki Czwartek) Zapraszamy na Triduum Paschalne! Drodzy Parafianie i Przyjaciele naszego Sanktuarium, Zapraszamy Was do wsp\u00f3lnego prze\u017cywania najwa\u017cniejszych dni w roku liturgicznym \u2013 Triduum Paschalnego, kt\u00f3re prowadzi nas przez m\u0119k\u0119, \u015bmier\u0107 [&hellip;]\" \/>\n<meta property=\"og:url\" content=\"https:\/\/milosierdzie-faustyna.pl\/?p=3697\" \/>\n<meta property=\"og:site_name\" content=\"SANKTUARIUM \u015aW. FAUSTYNY\" \/>\n<meta property=\"article:publisher\" content=\"https:\/\/www.facebook.com\/SanktuariumSwFaustyny\" \/>\n<meta property=\"article:published_time\" content=\"2025-04-14T10:31:24+00:00\" \/>\n<meta property=\"article:modified_time\" content=\"2025-04-14T10:32:58+00:00\" \/>\n<meta property=\"og:image\" content=\"https:\/\/static.xx.fbcdn.net\/images\/emoji.php\/v9\/t80\/1\/16\/1f64f.png\" \/>\n<meta name=\"author\" content=\"Sanktuarium \u015bw. Faustyny\" \/>\n<meta name=\"twitter:card\" content=\"summary_large_image\" \/>\n<meta name=\"twitter:label1\" content=\"Napisane przez\" \/>\n\t<meta name=\"twitter:data1\" content=\"Sanktuarium \u015bw. Faustyny\" \/>\n\t<meta name=\"twitter:label2\" content=\"Szacowany czas czytania\" \/>\n\t<meta name=\"twitter:data2\" content=\"2 minuty\" \/>\n<script type=\"application\/ld+json\" class=\"yoast-schema-graph\">{\"@context\":\"https:\\\/\\\/schema.org\",\"@graph\":[{\"@type\":\"Article\",\"@id\":\"https:\\\/\\\/milosierdzie-faustyna.pl\\\/?p=3697#article\",\"isPartOf\":{\"@id\":\"https:\\\/\\\/milosierdzie-faustyna.pl\\\/?p=3697\"},\"author\":{\"name\":\"Sanktuarium \u015bw. Faustyny\",\"@id\":\"http:\\\/\\\/milosierdzie-faustyna.pl\\\/#\\\/schema\\\/person\\\/29760652e565ae36316c1242be189025\"},\"headline\":\"TRIDUUM PASCHALNE 2025\",\"datePublished\":\"2025-04-14T10:31:24+00:00\",\"dateModified\":\"2025-04-14T10:32:58+00:00\",\"mainEntityOfPage\":{\"@id\":\"https:\\\/\\\/milosierdzie-faustyna.pl\\\/?p=3697\"},\"wordCount\":111,\"publisher\":{\"@id\":\"http:\\\/\\\/milosierdzie-faustyna.pl\\\/#organization\"},\"image\":{\"@id\":\"https:\\\/\\\/milosierdzie-faustyna.pl\\\/?p=3697#primaryimage\"},\"thumbnailUrl\":\"https:\\\/\\\/static.xx.fbcdn.net\\\/images\\\/emoji.php\\\/v9\\\/t80\\\/1\\\/16\\\/1f64f.png\",\"articleSection\":[\"aktualno\u015bci\"],\"inLanguage\":\"pl-PL\"},{\"@type\":\"WebPage\",\"@id\":\"https:\\\/\\\/milosierdzie-faustyna.pl\\\/?p=3697\",\"url\":\"https:\\\/\\\/milosierdzie-faustyna.pl\\\/?p=3697\",\"name\":\"TRIDUUM PASCHALNE 2025 | SANKTUARIUM \u015aW. FAUSTYNY\",\"isPartOf\":{\"@id\":\"http:\\\/\\\/milosierdzie-faustyna.pl\\\/#website\"},\"primaryImageOfPage\":{\"@id\":\"https:\\\/\\\/milosierdzie-faustyna.pl\\\/?p=3697#primaryimage\"},\"image\":{\"@id\":\"https:\\\/\\\/milosierdzie-faustyna.pl\\\/?p=3697#primaryimage\"},\"thumbnailUrl\":\"https:\\\/\\\/static.xx.fbcdn.net\\\/images\\\/emoji.php\\\/v9\\\/t80\\\/1\\\/16\\\/1f64f.png\",\"datePublished\":\"2025-04-14T10:31:24+00:00\",\"dateModified\":\"2025-04-14T10:32:58+00:00\",\"breadcrumb\":{\"@id\":\"https:\\\/\\\/milosierdzie-faustyna.pl\\\/?p=3697#breadcrumb\"},\"inLanguage\":\"pl-PL\",\"potentialAction\":[{\"@type\":\"ReadAction\",\"target\":[\"https:\\\/\\\/milosierdzie-faustyna.pl\\\/?p=3697\"]}]},{\"@type\":\"ImageObject\",\"inLanguage\":\"pl-PL\",\"@id\":\"https:\\\/\\\/milosierdzie-faustyna.pl\\\/?p=3697#primaryimage\",\"url\":\"https:\\\/\\\/static.xx.fbcdn.net\\\/images\\\/emoji.php\\\/v9\\\/t80\\\/1\\\/16\\\/1f64f.png\",\"contentUrl\":\"https:\\\/\\\/static.xx.fbcdn.net\\\/images\\\/emoji.php\\\/v9\\\/t80\\\/1\\\/16\\\/1f64f.png\"},{\"@type\":\"BreadcrumbList\",\"@id\":\"https:\\\/\\\/milosierdzie-faustyna.pl\\\/?p=3697#breadcrumb\",\"itemListElement\":[{\"@type\":\"ListItem\",\"position\":1,\"name\":\"Strona g\u0142\u00f3wna\",\"item\":\"http:\\\/\\\/milosierdzie-faustyna.pl\\\/\"},{\"@type\":\"ListItem\",\"position\":2,\"name\":\"TRIDUUM PASCHALNE 2025\"}]},{\"@type\":\"WebSite\",\"@id\":\"http:\\\/\\\/milosierdzie-faustyna.pl\\\/#website\",\"url\":\"http:\\\/\\\/milosierdzie-faustyna.pl\\\/\",\"name\":\"SANKTUARIUM \u015aW. FAUSTYNY\",\"description\":\"Parafia Mi\u0142osierdzia Bo\u017cego i \u015bw. Faustyny w Warszawie\",\"publisher\":{\"@id\":\"http:\\\/\\\/milosierdzie-faustyna.pl\\\/#organization\"},\"alternateName\":\"Parafia Mi\u0142osierdzia i \u015bw. Faustyny\",\"potentialAction\":[{\"@type\":\"SearchAction\",\"target\":{\"@type\":\"EntryPoint\",\"urlTemplate\":\"http:\\\/\\\/milosierdzie-faustyna.pl\\\/?s={search_term_string}\"},\"query-input\":{\"@type\":\"PropertyValueSpecification\",\"valueRequired\":true,\"valueName\":\"search_term_string\"}}],\"inLanguage\":\"pl-PL\"},{\"@type\":\"Organization\",\"@id\":\"http:\\\/\\\/milosierdzie-faustyna.pl\\\/#organization\",\"name\":\"SANKTUARIUM \u015aW. FAUSTYNY\",\"alternateName\":\"Parafia Mi\u0142osierdzia Bo\u017cego i \u015bw. Faustyny\",\"url\":\"http:\\\/\\\/milosierdzie-faustyna.pl\\\/\",\"logo\":{\"@type\":\"ImageObject\",\"inLanguage\":\"pl-PL\",\"@id\":\"http:\\\/\\\/milosierdzie-faustyna.pl\\\/#\\\/schema\\\/logo\\\/image\\\/\",\"url\":\"http:\\\/\\\/milosierdzie-faustyna.pl\\\/wp-content\\\/uploads\\\/2024\\\/11\\\/DSC4910-scaled.jpg\",\"contentUrl\":\"http:\\\/\\\/milosierdzie-faustyna.pl\\\/wp-content\\\/uploads\\\/2024\\\/11\\\/DSC4910-scaled.jpg\",\"width\":1707,\"height\":2560,\"caption\":\"SANKTUARIUM \u015aW. FAUSTYNY\"},\"image\":{\"@id\":\"http:\\\/\\\/milosierdzie-faustyna.pl\\\/#\\\/schema\\\/logo\\\/image\\\/\"},\"sameAs\":[\"https:\\\/\\\/www.facebook.com\\\/SanktuariumSwFaustyny\",\"https:\\\/\\\/www.instagram.com\\\/sanktuarium_sw.faustyny\\\/\",\"https:\\\/\\\/www.youtube.com\\\/@sanktuariumsw.faustynyprzy4967\"]},{\"@type\":\"Person\",\"@id\":\"http:\\\/\\\/milosierdzie-faustyna.pl\\\/#\\\/schema\\\/person\\\/29760652e565ae36316c1242be189025\",\"name\":\"Sanktuarium \u015bw. Faustyny\",\"image\":{\"@type\":\"ImageObject\",\"inLanguage\":\"pl-PL\",\"@id\":\"https:\\\/\\\/secure.gravatar.com\\\/avatar\\\/c092bd472375a3716c089cc240a146cbc3c124dc27a6ded5c35a40e123827f52?s=96&d=blank&r=g\",\"url\":\"https:\\\/\\\/secure.gravatar.com\\\/avatar\\\/c092bd472375a3716c089cc240a146cbc3c124dc27a6ded5c35a40e123827f52?s=96&d=blank&r=g\",\"contentUrl\":\"https:\\\/\\\/secure.gravatar.com\\\/avatar\\\/c092bd472375a3716c089cc240a146cbc3c124dc27a6ded5c35a40e123827f52?s=96&d=blank&r=g\",\"caption\":\"Sanktuarium \u015bw. Faustyny\"},\"sameAs\":[\"http:\\\/\\\/milosierdzie-faustyna.pl\"],\"url\":\"http:\\\/\\\/milosierdzie-faustyna.pl\\\/?author=1\"}]}<\/script>\n<!-- \/ Yoast SEO plugin. -->","yoast_head_json":{"title":"TRIDUUM PASCHALNE 2025 | SANKTUARIUM \u015aW. FAUSTYNY","robots":{"index":"index","follow":"follow","max-snippet":"max-snippet:-1","max-image-preview":"max-image-preview:large","max-video-preview":"max-video-preview:-1"},"canonical":"https:\/\/milosierdzie-faustyna.pl\/?p=3697","og_locale":"pl_PL","og_type":"article","og_title":"TRIDUUM PASCHALNE 2025 | SANKTUARIUM \u015aW. FAUSTYNY","og_description":"&#8222;Patrz w Moje mi\u0142o\u015bci i pe\u0142ne mi\u0142osierdzia serce, jakie mam dla ludzi, a szczeg\u00f3lnie dla grzesznik\u00f3w. Patrz i wnikaj w m\u0119k\u0119 Moj\u0105.&#8221; (Dz. 1663 Wielki Czwartek) Zapraszamy na Triduum Paschalne! Drodzy Parafianie i Przyjaciele naszego Sanktuarium, Zapraszamy Was do wsp\u00f3lnego prze\u017cywania najwa\u017cniejszych dni w roku liturgicznym \u2013 Triduum Paschalnego, kt\u00f3re prowadzi nas przez m\u0119k\u0119, \u015bmier\u0107 [&hellip;]","og_url":"https:\/\/milosierdzie-faustyna.pl\/?p=3697","og_site_name":"SANKTUARIUM \u015aW. FAUSTYNY","article_publisher":"https:\/\/www.facebook.com\/SanktuariumSwFaustyny","article_published_time":"2025-04-14T10:31:24+00:00","article_modified_time":"2025-04-14T10:32:58+00:00","og_image":[{"url":"https:\/\/static.xx.fbcdn.net\/images\/emoji.php\/v9\/t80\/1\/16\/1f64f.png","type":"","width":"","height":""}],"author":"Sanktuarium \u015bw. Faustyny","twitter_card":"summary_large_image","twitter_misc":{"Napisane przez":"Sanktuarium \u015bw. Faustyny","Szacowany czas czytania":"2 minuty"},"schema":{"@context":"https:\/\/schema.org","@graph":[{"@type":"Article","@id":"https:\/\/milosierdzie-faustyna.pl\/?p=3697#article","isPartOf":{"@id":"https:\/\/milosierdzie-faustyna.pl\/?p=3697"},"author":{"name":"Sanktuarium \u015bw. Faustyny","@id":"http:\/\/milosierdzie-faustyna.pl\/#\/schema\/person\/29760652e565ae36316c1242be189025"},"headline":"TRIDUUM PASCHALNE 2025","datePublished":"2025-04-14T10:31:24+00:00","dateModified":"2025-04-14T10:32:58+00:00","mainEntityOfPage":{"@id":"https:\/\/milosierdzie-faustyna.pl\/?p=3697"},"wordCount":111,"publisher":{"@id":"http:\/\/milosierdzie-faustyna.pl\/#organization"},"image":{"@id":"https:\/\/milosierdzie-faustyna.pl\/?p=3697#primaryimage"},"thumbnailUrl":"https:\/\/static.xx.fbcdn.net\/images\/emoji.php\/v9\/t80\/1\/16\/1f64f.png","articleSection":["aktualno\u015bci"],"inLanguage":"pl-PL"},{"@type":"WebPage","@id":"https:\/\/milosierdzie-faustyna.pl\/?p=3697","url":"https:\/\/milosierdzie-faustyna.pl\/?p=3697","name":"TRIDUUM PASCHALNE 2025 | SANKTUARIUM \u015aW. FAUSTYNY","isPartOf":{"@id":"http:\/\/milosierdzie-faustyna.pl\/#website"},"primaryImageOfPage":{"@id":"https:\/\/milosierdzie-faustyna.pl\/?p=3697#primaryimage"},"image":{"@id":"https:\/\/milosierdzie-faustyna.pl\/?p=3697#primaryimage"},"thumbnailUrl":"https:\/\/static.xx.fbcdn.net\/images\/emoji.php\/v9\/t80\/1\/16\/1f64f.png","datePublished":"2025-04-14T10:31:24+00:00","dateModified":"2025-04-14T10:32:58+00:00","breadcrumb":{"@id":"https:\/\/milosierdzie-faustyna.pl\/?p=3697#breadcrumb"},"inLanguage":"pl-PL","potentialAction":[{"@type":"ReadAction","target":["https:\/\/milosierdzie-faustyna.pl\/?p=3697"]}]},{"@type":"ImageObject","inLanguage":"pl-PL","@id":"https:\/\/milosierdzie-faustyna.pl\/?p=3697#primaryimage","url":"https:\/\/static.xx.fbcdn.net\/images\/emoji.php\/v9\/t80\/1\/16\/1f64f.png","contentUrl":"https:\/\/static.xx.fbcdn.net\/images\/emoji.php\/v9\/t80\/1\/16\/1f64f.png"},{"@type":"BreadcrumbList","@id":"https:\/\/milosierdzie-faustyna.pl\/?p=3697#breadcrumb","itemListElement":[{"@type":"ListItem","position":1,"name":"Strona g\u0142\u00f3wna","item":"http:\/\/milosierdzie-faustyna.pl\/"},{"@type":"ListItem","position":2,"name":"TRIDUUM PASCHALNE 2025"}]},{"@type":"WebSite","@id":"http:\/\/milosierdzie-faustyna.pl\/#website","url":"http:\/\/milosierdzie-faustyna.pl\/","name":"SANKTUARIUM \u015aW. FAUSTYNY","description":"Parafia Mi\u0142osierdzia Bo\u017cego i \u015bw. Faustyny w Warszawie","publisher":{"@id":"http:\/\/milosierdzie-faustyna.pl\/#organization"},"alternateName":"Parafia Mi\u0142osierdzia i \u015bw. Faustyny","potentialAction":[{"@type":"SearchAction","target":{"@type":"EntryPoint","urlTemplate":"http:\/\/milosierdzie-faustyna.pl\/?s={search_term_string}"},"query-input":{"@type":"PropertyValueSpecification","valueRequired":true,"valueName":"search_term_string"}}],"inLanguage":"pl-PL"},{"@type":"Organization","@id":"http:\/\/milosierdzie-faustyna.pl\/#organization","name":"SANKTUARIUM \u015aW. FAUSTYNY","alternateName":"Parafia Mi\u0142osierdzia Bo\u017cego i \u015bw. Faustyny","url":"http:\/\/milosierdzie-faustyna.pl\/","logo":{"@type":"ImageObject","inLanguage":"pl-PL","@id":"http:\/\/milosierdzie-faustyna.pl\/#\/schema\/logo\/image\/","url":"http:\/\/milosierdzie-faustyna.pl\/wp-content\/uploads\/2024\/11\/DSC4910-scaled.jpg","contentUrl":"http:\/\/milosierdzie-faustyna.pl\/wp-content\/uploads\/2024\/11\/DSC4910-scaled.jpg","width":1707,"height":2560,"caption":"SANKTUARIUM \u015aW. FAUSTYNY"},"image":{"@id":"http:\/\/milosierdzie-faustyna.pl\/#\/schema\/logo\/image\/"},"sameAs":["https:\/\/www.facebook.com\/SanktuariumSwFaustyny","https:\/\/www.instagram.com\/sanktuarium_sw.faustyny\/","https:\/\/www.youtube.com\/@sanktuariumsw.faustynyprzy4967"]},{"@type":"Person","@id":"http:\/\/milosierdzie-faustyna.pl\/#\/schema\/person\/29760652e565ae36316c1242be189025","name":"Sanktuarium \u015bw. Faustyny","image":{"@type":"ImageObject","inLanguage":"pl-PL","@id":"https:\/\/secure.gravatar.com\/avatar\/c092bd472375a3716c089cc240a146cbc3c124dc27a6ded5c35a40e123827f52?s=96&d=blank&r=g","url":"https:\/\/secure.gravatar.com\/avatar\/c092bd472375a3716c089cc240a146cbc3c124dc27a6ded5c35a40e123827f52?s=96&d=blank&r=g","contentUrl":"https:\/\/secure.gravatar.com\/avatar\/c092bd472375a3716c089cc240a146cbc3c124dc27a6ded5c35a40e123827f52?s=96&d=blank&r=g","caption":"Sanktuarium \u015bw. Faustyny"},"sameAs":["http:\/\/milosierdzie-faustyna.pl"],"url":"http:\/\/milosierdzie-faustyna.pl\/?author=1"}]}},"_links":{"self":[{"href":"http:\/\/milosierdzie-faustyna.pl\/index.php?rest_route=\/wp\/v2\/posts\/3697","targetHints":{"allow":["GET"]}}],"collection":[{"href":"http:\/\/milosierdzie-faustyna.pl\/index.php?rest_route=\/wp\/v2\/posts"}],"about":[{"href":"http:\/\/milosierdzie-faustyna.pl\/index.php?rest_route=\/wp\/v2\/types\/post"}],"author":[{"embeddable":true,"href":"http:\/\/milosierdzie-faustyna.pl\/index.php?rest_route=\/wp\/v2\/users\/1"}],"replies":[{"embeddable":true,"href":"http:\/\/milosierdzie-faustyna.pl\/index.php?rest_route=%2Fwp%2Fv2%2Fcomments&post=3697"}],"version-history":[{"count":2,"href":"http:\/\/milosierdzie-faustyna.pl\/index.php?rest_route=\/wp\/v2\/posts\/3697\/revisions"}],"predecessor-version":[{"id":3704,"href":"http:\/\/milosierdzie-faustyna.pl\/index.php?rest_route=\/wp\/v2\/posts\/3697\/revisions\/3704"}],"wp:attachment":[{"href":"http:\/\/milosierdzie-faustyna.pl\/index.php?rest_route=%2Fwp%2Fv2%2Fmedia&parent=3697"}],"wp:term":[{"taxonomy":"category","embeddable":true,"href":"http:\/\/milosierdzie-faustyna.pl\/index.php?rest_route=%2Fwp%2Fv2%2Fcategories&post=3697"},{"taxonomy":"post_tag","embeddable":true,"href":"http:\/\/milosierdzie-faustyna.pl\/index.php?rest_route=%2Fwp%2Fv2%2Ftags&post=3697"}],"curies":[{"name":"wp","href":"https:\/\/api.w.org\/{rel}","templated":true}]}}