{"id":3736,"date":"2025-06-05T21:01:18","date_gmt":"2025-06-05T19:01:18","guid":{"rendered":"http:\/\/milosierdzie-faustyna.pl\/?p=3736"},"modified":"2025-06-05T21:01:18","modified_gmt":"2025-06-05T19:01:18","slug":"wieczorne-czuwanie-modlitewne-w-wigilie-zeslania-ducha-swietego","status":"publish","type":"post","link":"http:\/\/milosierdzie-faustyna.pl\/?p=3736","title":{"rendered":"Wieczorne czuwanie modlitewne w wigili\u0119 Zes\u0142ania Ducha \u015awi\u0119tego"},"content":{"rendered":"\n<p class=\"wp-block-paragraph\">Zapraszamy na czuwanie modlitewne, kt\u00f3re odb\u0119dzie si\u0119 w wigili\u0119 Zes\u0142ania Ducha \u015awi\u0119tego.<br>W sobot\u0119 7 czerwca, o godz. 18:30, bezpo\u015brednio po Mszy \u015awi\u0119tej wieczornej.<\/p>\n\n\n\n<p class=\"wp-block-paragraph\">Wsp\u00f3lnie trwa\u0107 b\u0119dziemy na modlitwie, oczekuj\u0105c na przyj\u015bcie Ducha \u015awi\u0119tego \u2013 tak jak uczniowie w Wieczerniku.<br>Niech to b\u0119dzie czas uwielbienia, ciszy, rozwa\u017cania S\u0142owa Bo\u017cego i otwarcia serc na Jego dzia\u0142anie.<\/p>\n\n\n\n<p class=\"wp-block-paragraph\">Przyjd\u017a i pozw\u00f3l Duchowi \u015awi\u0119temu dzia\u0142a\u0107 w swoim \u017cyciu!<\/p>\n\n\n\n<h1 class=\"wp-block-heading\"><\/h1>\n\n\n\n<figure class=\"wp-block-image size-large\"><img loading=\"lazy\" decoding=\"async\" width=\"774\" height=\"1024\" src=\"http:\/\/milosierdzie-faustyna.pl\/wp-content\/uploads\/2025\/06\/1000046478-774x1024.jpg\" alt=\"\" class=\"wp-image-3737\" srcset=\"http:\/\/milosierdzie-faustyna.pl\/wp-content\/uploads\/2025\/06\/1000046478-774x1024.jpg 774w, http:\/\/milosierdzie-faustyna.pl\/wp-content\/uploads\/2025\/06\/1000046478-227x300.jpg 227w, http:\/\/milosierdzie-faustyna.pl\/wp-content\/uploads\/2025\/06\/1000046478-768x1016.jpg 768w, http:\/\/milosierdzie-faustyna.pl\/wp-content\/uploads\/2025\/06\/1000046478-1161x1536.jpg 1161w, http:\/\/milosierdzie-faustyna.pl\/wp-content\/uploads\/2025\/06\/1000046478-1548x2048.jpg 1548w, http:\/\/milosierdzie-faustyna.pl\/wp-content\/uploads\/2025\/06\/1000046478-750x993.jpg 750w, http:\/\/milosierdzie-faustyna.pl\/wp-content\/uploads\/2025\/06\/1000046478-18x24.jpg 18w, http:\/\/milosierdzie-faustyna.pl\/wp-content\/uploads\/2025\/06\/1000046478-27x36.jpg 27w, http:\/\/milosierdzie-faustyna.pl\/wp-content\/uploads\/2025\/06\/1000046478-36x48.jpg 36w, http:\/\/milosierdzie-faustyna.pl\/wp-content\/uploads\/2025\/06\/1000046478-scaled.jpg 1934w\" sizes=\"auto, (max-width: 774px) 100vw, 774px\" \/><\/figure>\n","protected":false},"excerpt":{"rendered":"<p>Zapraszamy na czuwanie modlitewne, kt\u00f3re odb\u0119dzie si\u0119 w wigili\u0119 Zes\u0142ania Ducha \u015awi\u0119tego.W sobot\u0119 7 czerwca, o godz. 18:30, bezpo\u015brednio po Mszy \u015awi\u0119tej wieczornej. Wsp\u00f3lnie trwa\u0107 b\u0119dziemy na modlitwie, oczekuj\u0105c na przyj\u015bcie Ducha \u015awi\u0119tego \u2013 tak jak uczniowie w Wieczerniku.Niech to b\u0119dzie czas uwielbienia, ciszy, rozwa\u017cania S\u0142owa Bo\u017cego i otwarcia serc na Jego dzia\u0142anie. Przyjd\u017a i [&hellip;]<\/p>\n","protected":false},"author":1,"featured_media":0,"comment_status":"closed","ping_status":"closed","sticky":false,"template":"","format":"standard","meta":{"_crdt_document":"","ngg_post_thumbnail":0,"footnotes":""},"categories":[1],"tags":[],"class_list":["post-3736","post","type-post","status-publish","format-standard","hentry","category-aktualnosci"],"yoast_head":"<!-- This site is optimized with the Yoast SEO plugin v27.4 - https:\/\/yoast.com\/product\/yoast-seo-wordpress\/ -->\n<title>Wieczorne czuwanie modlitewne w wigili\u0119 Zes\u0142ania Ducha \u015awi\u0119tego | SANKTUARIUM \u015aW. FAUSTYNY<\/title>\n<meta name=\"robots\" content=\"index, follow, max-snippet:-1, max-image-preview:large, max-video-preview:-1\" \/>\n<link rel=\"canonical\" href=\"http:\/\/milosierdzie-faustyna.pl\/?p=3736\" \/>\n<meta property=\"og:locale\" content=\"pl_PL\" \/>\n<meta property=\"og:type\" content=\"article\" \/>\n<meta property=\"og:title\" content=\"Wieczorne czuwanie modlitewne w wigili\u0119 Zes\u0142ania Ducha \u015awi\u0119tego | SANKTUARIUM \u015aW. FAUSTYNY\" \/>\n<meta property=\"og:description\" content=\"Zapraszamy na czuwanie modlitewne, kt\u00f3re odb\u0119dzie si\u0119 w wigili\u0119 Zes\u0142ania Ducha \u015awi\u0119tego.W sobot\u0119 7 czerwca, o godz. 18:30, bezpo\u015brednio po Mszy \u015awi\u0119tej wieczornej. Wsp\u00f3lnie trwa\u0107 b\u0119dziemy na modlitwie, oczekuj\u0105c na przyj\u015bcie Ducha \u015awi\u0119tego \u2013 tak jak uczniowie w Wieczerniku.Niech to b\u0119dzie czas uwielbienia, ciszy, rozwa\u017cania S\u0142owa Bo\u017cego i otwarcia serc na Jego dzia\u0142anie. Przyjd\u017a i [&hellip;]\" \/>\n<meta property=\"og:url\" content=\"http:\/\/milosierdzie-faustyna.pl\/?p=3736\" \/>\n<meta property=\"og:site_name\" content=\"SANKTUARIUM \u015aW. FAUSTYNY\" \/>\n<meta property=\"article:publisher\" content=\"https:\/\/www.facebook.com\/SanktuariumSwFaustyny\" \/>\n<meta property=\"article:published_time\" content=\"2025-06-05T19:01:18+00:00\" \/>\n<meta property=\"og:image\" content=\"http:\/\/milosierdzie-faustyna.pl\/wp-content\/uploads\/2025\/06\/1000046478-774x1024.jpg\" \/>\n<meta name=\"author\" content=\"Sanktuarium \u015bw. Faustyny\" \/>\n<meta name=\"twitter:card\" content=\"summary_large_image\" \/>\n<meta name=\"twitter:label1\" content=\"Napisane przez\" \/>\n\t<meta name=\"twitter:data1\" content=\"Sanktuarium \u015bw. Faustyny\" \/>\n\t<meta name=\"twitter:label2\" content=\"Szacowany czas czytania\" \/>\n\t<meta name=\"twitter:data2\" content=\"1 minuta\" \/>\n<script type=\"application\/ld+json\" class=\"yoast-schema-graph\">{\"@context\":\"https:\\\/\\\/schema.org\",\"@graph\":[{\"@type\":\"Article\",\"@id\":\"http:\\\/\\\/milosierdzie-faustyna.pl\\\/?p=3736#article\",\"isPartOf\":{\"@id\":\"http:\\\/\\\/milosierdzie-faustyna.pl\\\/?p=3736\"},\"author\":{\"name\":\"Sanktuarium \u015bw. Faustyny\",\"@id\":\"http:\\\/\\\/milosierdzie-faustyna.pl\\\/#\\\/schema\\\/person\\\/29760652e565ae36316c1242be189025\"},\"headline\":\"Wieczorne czuwanie modlitewne w wigili\u0119 Zes\u0142ania Ducha \u015awi\u0119tego\",\"datePublished\":\"2025-06-05T19:01:18+00:00\",\"mainEntityOfPage\":{\"@id\":\"http:\\\/\\\/milosierdzie-faustyna.pl\\\/?p=3736\"},\"wordCount\":90,\"publisher\":{\"@id\":\"http:\\\/\\\/milosierdzie-faustyna.pl\\\/#organization\"},\"image\":{\"@id\":\"http:\\\/\\\/milosierdzie-faustyna.pl\\\/?p=3736#primaryimage\"},\"thumbnailUrl\":\"http:\\\/\\\/milosierdzie-faustyna.pl\\\/wp-content\\\/uploads\\\/2025\\\/06\\\/1000046478-774x1024.jpg\",\"articleSection\":[\"aktualno\u015bci\"],\"inLanguage\":\"pl-PL\"},{\"@type\":\"WebPage\",\"@id\":\"http:\\\/\\\/milosierdzie-faustyna.pl\\\/?p=3736\",\"url\":\"http:\\\/\\\/milosierdzie-faustyna.pl\\\/?p=3736\",\"name\":\"Wieczorne czuwanie modlitewne w wigili\u0119 Zes\u0142ania Ducha \u015awi\u0119tego | SANKTUARIUM \u015aW. FAUSTYNY\",\"isPartOf\":{\"@id\":\"http:\\\/\\\/milosierdzie-faustyna.pl\\\/#website\"},\"primaryImageOfPage\":{\"@id\":\"http:\\\/\\\/milosierdzie-faustyna.pl\\\/?p=3736#primaryimage\"},\"image\":{\"@id\":\"http:\\\/\\\/milosierdzie-faustyna.pl\\\/?p=3736#primaryimage\"},\"thumbnailUrl\":\"http:\\\/\\\/milosierdzie-faustyna.pl\\\/wp-content\\\/uploads\\\/2025\\\/06\\\/1000046478-774x1024.jpg\",\"datePublished\":\"2025-06-05T19:01:18+00:00\",\"breadcrumb\":{\"@id\":\"http:\\\/\\\/milosierdzie-faustyna.pl\\\/?p=3736#breadcrumb\"},\"inLanguage\":\"pl-PL\",\"potentialAction\":[{\"@type\":\"ReadAction\",\"target\":[\"http:\\\/\\\/milosierdzie-faustyna.pl\\\/?p=3736\"]}]},{\"@type\":\"ImageObject\",\"inLanguage\":\"pl-PL\",\"@id\":\"http:\\\/\\\/milosierdzie-faustyna.pl\\\/?p=3736#primaryimage\",\"url\":\"http:\\\/\\\/milosierdzie-faustyna.pl\\\/wp-content\\\/uploads\\\/2025\\\/06\\\/1000046478-scaled.jpg\",\"contentUrl\":\"http:\\\/\\\/milosierdzie-faustyna.pl\\\/wp-content\\\/uploads\\\/2025\\\/06\\\/1000046478-scaled.jpg\",\"width\":1934,\"height\":2560},{\"@type\":\"BreadcrumbList\",\"@id\":\"http:\\\/\\\/milosierdzie-faustyna.pl\\\/?p=3736#breadcrumb\",\"itemListElement\":[{\"@type\":\"ListItem\",\"position\":1,\"name\":\"Strona g\u0142\u00f3wna\",\"item\":\"http:\\\/\\\/milosierdzie-faustyna.pl\\\/\"},{\"@type\":\"ListItem\",\"position\":2,\"name\":\"Wieczorne czuwanie modlitewne w wigili\u0119 Zes\u0142ania Ducha \u015awi\u0119tego\"}]},{\"@type\":\"WebSite\",\"@id\":\"http:\\\/\\\/milosierdzie-faustyna.pl\\\/#website\",\"url\":\"http:\\\/\\\/milosierdzie-faustyna.pl\\\/\",\"name\":\"SANKTUARIUM \u015aW. FAUSTYNY\",\"description\":\"Parafia Mi\u0142osierdzia Bo\u017cego i \u015bw. Faustyny w Warszawie\",\"publisher\":{\"@id\":\"http:\\\/\\\/milosierdzie-faustyna.pl\\\/#organization\"},\"alternateName\":\"Parafia Mi\u0142osierdzia i \u015bw. Faustyny\",\"potentialAction\":[{\"@type\":\"SearchAction\",\"target\":{\"@type\":\"EntryPoint\",\"urlTemplate\":\"http:\\\/\\\/milosierdzie-faustyna.pl\\\/?s={search_term_string}\"},\"query-input\":{\"@type\":\"PropertyValueSpecification\",\"valueRequired\":true,\"valueName\":\"search_term_string\"}}],\"inLanguage\":\"pl-PL\"},{\"@type\":\"Organization\",\"@id\":\"http:\\\/\\\/milosierdzie-faustyna.pl\\\/#organization\",\"name\":\"SANKTUARIUM \u015aW. FAUSTYNY\",\"alternateName\":\"Parafia Mi\u0142osierdzia Bo\u017cego i \u015bw. Faustyny\",\"url\":\"http:\\\/\\\/milosierdzie-faustyna.pl\\\/\",\"logo\":{\"@type\":\"ImageObject\",\"inLanguage\":\"pl-PL\",\"@id\":\"http:\\\/\\\/milosierdzie-faustyna.pl\\\/#\\\/schema\\\/logo\\\/image\\\/\",\"url\":\"http:\\\/\\\/milosierdzie-faustyna.pl\\\/wp-content\\\/uploads\\\/2024\\\/11\\\/DSC4910-scaled.jpg\",\"contentUrl\":\"http:\\\/\\\/milosierdzie-faustyna.pl\\\/wp-content\\\/uploads\\\/2024\\\/11\\\/DSC4910-scaled.jpg\",\"width\":1707,\"height\":2560,\"caption\":\"SANKTUARIUM \u015aW. FAUSTYNY\"},\"image\":{\"@id\":\"http:\\\/\\\/milosierdzie-faustyna.pl\\\/#\\\/schema\\\/logo\\\/image\\\/\"},\"sameAs\":[\"https:\\\/\\\/www.facebook.com\\\/SanktuariumSwFaustyny\",\"https:\\\/\\\/www.instagram.com\\\/sanktuarium_sw.faustyny\\\/\",\"https:\\\/\\\/www.youtube.com\\\/@sanktuariumsw.faustynyprzy4967\"]},{\"@type\":\"Person\",\"@id\":\"http:\\\/\\\/milosierdzie-faustyna.pl\\\/#\\\/schema\\\/person\\\/29760652e565ae36316c1242be189025\",\"name\":\"Sanktuarium \u015bw. Faustyny\",\"image\":{\"@type\":\"ImageObject\",\"inLanguage\":\"pl-PL\",\"@id\":\"https:\\\/\\\/secure.gravatar.com\\\/avatar\\\/c092bd472375a3716c089cc240a146cbc3c124dc27a6ded5c35a40e123827f52?s=96&d=blank&r=g\",\"url\":\"https:\\\/\\\/secure.gravatar.com\\\/avatar\\\/c092bd472375a3716c089cc240a146cbc3c124dc27a6ded5c35a40e123827f52?s=96&d=blank&r=g\",\"contentUrl\":\"https:\\\/\\\/secure.gravatar.com\\\/avatar\\\/c092bd472375a3716c089cc240a146cbc3c124dc27a6ded5c35a40e123827f52?s=96&d=blank&r=g\",\"caption\":\"Sanktuarium \u015bw. Faustyny\"},\"sameAs\":[\"http:\\\/\\\/milosierdzie-faustyna.pl\"],\"url\":\"http:\\\/\\\/milosierdzie-faustyna.pl\\\/?author=1\"}]}<\/script>\n<!-- \/ Yoast SEO plugin. -->","yoast_head_json":{"title":"Wieczorne czuwanie modlitewne w wigili\u0119 Zes\u0142ania Ducha \u015awi\u0119tego | SANKTUARIUM \u015aW. FAUSTYNY","robots":{"index":"index","follow":"follow","max-snippet":"max-snippet:-1","max-image-preview":"max-image-preview:large","max-video-preview":"max-video-preview:-1"},"canonical":"http:\/\/milosierdzie-faustyna.pl\/?p=3736","og_locale":"pl_PL","og_type":"article","og_title":"Wieczorne czuwanie modlitewne w wigili\u0119 Zes\u0142ania Ducha \u015awi\u0119tego | SANKTUARIUM \u015aW. FAUSTYNY","og_description":"Zapraszamy na czuwanie modlitewne, kt\u00f3re odb\u0119dzie si\u0119 w wigili\u0119 Zes\u0142ania Ducha \u015awi\u0119tego.W sobot\u0119 7 czerwca, o godz. 18:30, bezpo\u015brednio po Mszy \u015awi\u0119tej wieczornej. Wsp\u00f3lnie trwa\u0107 b\u0119dziemy na modlitwie, oczekuj\u0105c na przyj\u015bcie Ducha \u015awi\u0119tego \u2013 tak jak uczniowie w Wieczerniku.Niech to b\u0119dzie czas uwielbienia, ciszy, rozwa\u017cania S\u0142owa Bo\u017cego i otwarcia serc na Jego dzia\u0142anie. Przyjd\u017a i [&hellip;]","og_url":"http:\/\/milosierdzie-faustyna.pl\/?p=3736","og_site_name":"SANKTUARIUM \u015aW. FAUSTYNY","article_publisher":"https:\/\/www.facebook.com\/SanktuariumSwFaustyny","article_published_time":"2025-06-05T19:01:18+00:00","og_image":[{"url":"http:\/\/milosierdzie-faustyna.pl\/wp-content\/uploads\/2025\/06\/1000046478-774x1024.jpg","type":"","width":"","height":""}],"author":"Sanktuarium \u015bw. Faustyny","twitter_card":"summary_large_image","twitter_misc":{"Napisane przez":"Sanktuarium \u015bw. Faustyny","Szacowany czas czytania":"1 minuta"},"schema":{"@context":"https:\/\/schema.org","@graph":[{"@type":"Article","@id":"http:\/\/milosierdzie-faustyna.pl\/?p=3736#article","isPartOf":{"@id":"http:\/\/milosierdzie-faustyna.pl\/?p=3736"},"author":{"name":"Sanktuarium \u015bw. Faustyny","@id":"http:\/\/milosierdzie-faustyna.pl\/#\/schema\/person\/29760652e565ae36316c1242be189025"},"headline":"Wieczorne czuwanie modlitewne w wigili\u0119 Zes\u0142ania Ducha \u015awi\u0119tego","datePublished":"2025-06-05T19:01:18+00:00","mainEntityOfPage":{"@id":"http:\/\/milosierdzie-faustyna.pl\/?p=3736"},"wordCount":90,"publisher":{"@id":"http:\/\/milosierdzie-faustyna.pl\/#organization"},"image":{"@id":"http:\/\/milosierdzie-faustyna.pl\/?p=3736#primaryimage"},"thumbnailUrl":"http:\/\/milosierdzie-faustyna.pl\/wp-content\/uploads\/2025\/06\/1000046478-774x1024.jpg","articleSection":["aktualno\u015bci"],"inLanguage":"pl-PL"},{"@type":"WebPage","@id":"http:\/\/milosierdzie-faustyna.pl\/?p=3736","url":"http:\/\/milosierdzie-faustyna.pl\/?p=3736","name":"Wieczorne czuwanie modlitewne w wigili\u0119 Zes\u0142ania Ducha \u015awi\u0119tego | SANKTUARIUM \u015aW. FAUSTYNY","isPartOf":{"@id":"http:\/\/milosierdzie-faustyna.pl\/#website"},"primaryImageOfPage":{"@id":"http:\/\/milosierdzie-faustyna.pl\/?p=3736#primaryimage"},"image":{"@id":"http:\/\/milosierdzie-faustyna.pl\/?p=3736#primaryimage"},"thumbnailUrl":"http:\/\/milosierdzie-faustyna.pl\/wp-content\/uploads\/2025\/06\/1000046478-774x1024.jpg","datePublished":"2025-06-05T19:01:18+00:00","breadcrumb":{"@id":"http:\/\/milosierdzie-faustyna.pl\/?p=3736#breadcrumb"},"inLanguage":"pl-PL","potentialAction":[{"@type":"ReadAction","target":["http:\/\/milosierdzie-faustyna.pl\/?p=3736"]}]},{"@type":"ImageObject","inLanguage":"pl-PL","@id":"http:\/\/milosierdzie-faustyna.pl\/?p=3736#primaryimage","url":"http:\/\/milosierdzie-faustyna.pl\/wp-content\/uploads\/2025\/06\/1000046478-scaled.jpg","contentUrl":"http:\/\/milosierdzie-faustyna.pl\/wp-content\/uploads\/2025\/06\/1000046478-scaled.jpg","width":1934,"height":2560},{"@type":"BreadcrumbList","@id":"http:\/\/milosierdzie-faustyna.pl\/?p=3736#breadcrumb","itemListElement":[{"@type":"ListItem","position":1,"name":"Strona g\u0142\u00f3wna","item":"http:\/\/milosierdzie-faustyna.pl\/"},{"@type":"ListItem","position":2,"name":"Wieczorne czuwanie modlitewne w wigili\u0119 Zes\u0142ania Ducha \u015awi\u0119tego"}]},{"@type":"WebSite","@id":"http:\/\/milosierdzie-faustyna.pl\/#website","url":"http:\/\/milosierdzie-faustyna.pl\/","name":"SANKTUARIUM \u015aW. FAUSTYNY","description":"Parafia Mi\u0142osierdzia Bo\u017cego i \u015bw. Faustyny w Warszawie","publisher":{"@id":"http:\/\/milosierdzie-faustyna.pl\/#organization"},"alternateName":"Parafia Mi\u0142osierdzia i \u015bw. Faustyny","potentialAction":[{"@type":"SearchAction","target":{"@type":"EntryPoint","urlTemplate":"http:\/\/milosierdzie-faustyna.pl\/?s={search_term_string}"},"query-input":{"@type":"PropertyValueSpecification","valueRequired":true,"valueName":"search_term_string"}}],"inLanguage":"pl-PL"},{"@type":"Organization","@id":"http:\/\/milosierdzie-faustyna.pl\/#organization","name":"SANKTUARIUM \u015aW. FAUSTYNY","alternateName":"Parafia Mi\u0142osierdzia Bo\u017cego i \u015bw. Faustyny","url":"http:\/\/milosierdzie-faustyna.pl\/","logo":{"@type":"ImageObject","inLanguage":"pl-PL","@id":"http:\/\/milosierdzie-faustyna.pl\/#\/schema\/logo\/image\/","url":"http:\/\/milosierdzie-faustyna.pl\/wp-content\/uploads\/2024\/11\/DSC4910-scaled.jpg","contentUrl":"http:\/\/milosierdzie-faustyna.pl\/wp-content\/uploads\/2024\/11\/DSC4910-scaled.jpg","width":1707,"height":2560,"caption":"SANKTUARIUM \u015aW. FAUSTYNY"},"image":{"@id":"http:\/\/milosierdzie-faustyna.pl\/#\/schema\/logo\/image\/"},"sameAs":["https:\/\/www.facebook.com\/SanktuariumSwFaustyny","https:\/\/www.instagram.com\/sanktuarium_sw.faustyny\/","https:\/\/www.youtube.com\/@sanktuariumsw.faustynyprzy4967"]},{"@type":"Person","@id":"http:\/\/milosierdzie-faustyna.pl\/#\/schema\/person\/29760652e565ae36316c1242be189025","name":"Sanktuarium \u015bw. Faustyny","image":{"@type":"ImageObject","inLanguage":"pl-PL","@id":"https:\/\/secure.gravatar.com\/avatar\/c092bd472375a3716c089cc240a146cbc3c124dc27a6ded5c35a40e123827f52?s=96&d=blank&r=g","url":"https:\/\/secure.gravatar.com\/avatar\/c092bd472375a3716c089cc240a146cbc3c124dc27a6ded5c35a40e123827f52?s=96&d=blank&r=g","contentUrl":"https:\/\/secure.gravatar.com\/avatar\/c092bd472375a3716c089cc240a146cbc3c124dc27a6ded5c35a40e123827f52?s=96&d=blank&r=g","caption":"Sanktuarium \u015bw. Faustyny"},"sameAs":["http:\/\/milosierdzie-faustyna.pl"],"url":"http:\/\/milosierdzie-faustyna.pl\/?author=1"}]}},"_links":{"self":[{"href":"http:\/\/milosierdzie-faustyna.pl\/index.php?rest_route=\/wp\/v2\/posts\/3736","targetHints":{"allow":["GET"]}}],"collection":[{"href":"http:\/\/milosierdzie-faustyna.pl\/index.php?rest_route=\/wp\/v2\/posts"}],"about":[{"href":"http:\/\/milosierdzie-faustyna.pl\/index.php?rest_route=\/wp\/v2\/types\/post"}],"author":[{"embeddable":true,"href":"http:\/\/milosierdzie-faustyna.pl\/index.php?rest_route=\/wp\/v2\/users\/1"}],"replies":[{"embeddable":true,"href":"http:\/\/milosierdzie-faustyna.pl\/index.php?rest_route=%2Fwp%2Fv2%2Fcomments&post=3736"}],"version-history":[{"count":1,"href":"http:\/\/milosierdzie-faustyna.pl\/index.php?rest_route=\/wp\/v2\/posts\/3736\/revisions"}],"predecessor-version":[{"id":3738,"href":"http:\/\/milosierdzie-faustyna.pl\/index.php?rest_route=\/wp\/v2\/posts\/3736\/revisions\/3738"}],"wp:attachment":[{"href":"http:\/\/milosierdzie-faustyna.pl\/index.php?rest_route=%2Fwp%2Fv2%2Fmedia&parent=3736"}],"wp:term":[{"taxonomy":"category","embeddable":true,"href":"http:\/\/milosierdzie-faustyna.pl\/index.php?rest_route=%2Fwp%2Fv2%2Fcategories&post=3736"},{"taxonomy":"post_tag","embeddable":true,"href":"http:\/\/milosierdzie-faustyna.pl\/index.php?rest_route=%2Fwp%2Fv2%2Ftags&post=3736"}],"curies":[{"name":"wp","href":"https:\/\/api.w.org\/{rel}","templated":true}]}}