{"id":3741,"date":"2025-06-14T11:10:46","date_gmt":"2025-06-14T09:10:46","guid":{"rendered":"http:\/\/milosierdzie-faustyna.pl\/?p=3741"},"modified":"2025-06-14T11:10:47","modified_gmt":"2025-06-14T09:10:47","slug":"hamnet-sonety-117-154-15-czerwca-2025-r-godz-1900","status":"publish","type":"post","link":"http:\/\/milosierdzie-faustyna.pl\/?p=3741","title":{"rendered":"\u201eHamnet &#8211; Sonety 117-154\u201d &#8211; 15 czerwca 2025 r. godz. 19:00"},"content":{"rendered":"\n<p class=\"wp-block-paragraph\">\ud83c\udfad W Niedziel\u0119 15 czerwca po Mszy \u015bw. wieczornej zapraszamy na przedstawienie \u201eHamnet &#8211; Sonety 117-154\u201d w wykonaniu aktora Piotra Kondrata.<\/p>\n\n\n\n<p class=\"wp-block-paragraph\">\ud83c\udfad HAMNET to teatr jednego aktora. Piotr Kondrat, zawodowy aktor i rycerz IV stopnia Jana Paw\u0142a II, opar\u0142 ten spektakl o cykl sonet\u00f3w XVI-wiecznego dramaturga i poety Williama Szekspira. Te sonety Szekspir po\u015bwi\u0119ci\u0142 synowi. Hamnet, jego jedyny syn zmar\u0142 przedwcze\u015bnie w wieku 11 lat, ale prze\u017cy\u0142 w dzie\u0142ach ojca, nie tylko w sonetach, przede wszystkim w najs\u0142ynniejszej sztuce Szekspira w \u201eHamlecie\u201d. \u201eHamnet \u2013sonety 81-116\u201d to rozmowa ojca z synem, najpierw za \u017cycia, a potem ju\u017c po \u015bmierci. Poprzez syna Szekspir rozmawia te\u017c z Bogiem o roli poezji w \u017cyciu.<br>\ud83c\udfad Piotr Kondrat zajmuje si\u0119 tw\u00f3rczo\u015bci\u0105 Williama Szekspira ju\u017c \u0107wier\u0107 wieku, sam przet\u0142umaczy\u0142 wszystkie jego sonety. \u201eHamnet\u201d to trzeci spektakl wg sonet\u00f3w. Premiera \u201eSonet\u00f3w 43-80\u201d w re\u017cyserii Macieja Ferlaka odby\u0142a si\u0119 w Teatrze Powszechnym w Radomiu w 2023 roku, premiera \u201eSonet\u00f3w 117-154\u201d w re\u017cyserii Zbigniewa Chrzanowskiego w Teatrze Polskim we Lwowie w 2024 roku, a premiera \u201eHamneta\u201d w re\u017cyserii Piotra Kondrata odby\u0142a si\u0119 w ko\u015bciele Mi\u0142osierdzia Bo\u017cego w Z\u0105bkach 16 lutego 2025 roku pod patronatem Zakonu Rycerzy \u015awi\u0119tego Jana Paw\u0142a II Wielkiego.<br>Piotr Kondrat jest zawodowym aktorem od 40 lat. By\u0142 zwi\u0105zany z wieloma teatrami w Polsce, m.in. z Teatrem Wsp\u00f3\u0142czesnym we Wroc\u0142awiu, Teatrem Dramatycznym w Warszawie, Teatrem Polskim w Bydgoszczy, Teatrem Dramatycznym w Wa\u0142brzychu, Teatrem STU w Krakowie, Teatrem Polskim we Lwowie, a od 15 lat pracuje w Teatrze Powszechnym w Radomiu, z kt\u00f3rym 29 maja wyst\u0105pi\u0142 na Warszawskich Spotkaniach Teatralnych w sztuce &#8222;T\u0119skni\u0119 za domem&#8221;. W roku 1995 zagra\u0142 w Teatrze Dramatycznym w Warszawie w spektaklu &#8222;Historyja o chwalebnym Zmartwychwstaniu Pa\u0144skim&#8221; Miko\u0142aja z Wilkowiecka w re\u017cyserii Piotra Cieplaka, kt\u00f3ry powierzy\u0142 mu rol\u0119 Chrystusa.<\/p>\n\n\n\n<figure class=\"wp-block-gallery has-nested-images columns-default is-cropped wp-block-gallery-1 is-layout-flex wp-block-gallery-is-layout-flex\">\n<figure class=\"wp-block-image size-large\"><img loading=\"lazy\" decoding=\"async\" width=\"724\" height=\"1024\" data-id=\"3742\" src=\"http:\/\/milosierdzie-faustyna.pl\/wp-content\/uploads\/2025\/06\/1000047264-724x1024.jpg\" alt=\"\" class=\"wp-image-3742\" srcset=\"http:\/\/milosierdzie-faustyna.pl\/wp-content\/uploads\/2025\/06\/1000047264-724x1024.jpg 724w, http:\/\/milosierdzie-faustyna.pl\/wp-content\/uploads\/2025\/06\/1000047264-212x300.jpg 212w, http:\/\/milosierdzie-faustyna.pl\/wp-content\/uploads\/2025\/06\/1000047264-768x1086.jpg 768w, http:\/\/milosierdzie-faustyna.pl\/wp-content\/uploads\/2025\/06\/1000047264-1086x1536.jpg 1086w, http:\/\/milosierdzie-faustyna.pl\/wp-content\/uploads\/2025\/06\/1000047264-1448x2048.jpg 1448w, http:\/\/milosierdzie-faustyna.pl\/wp-content\/uploads\/2025\/06\/1000047264-750x1061.jpg 750w, http:\/\/milosierdzie-faustyna.pl\/wp-content\/uploads\/2025\/06\/1000047264-17x24.jpg 17w, http:\/\/milosierdzie-faustyna.pl\/wp-content\/uploads\/2025\/06\/1000047264-25x36.jpg 25w, http:\/\/milosierdzie-faustyna.pl\/wp-content\/uploads\/2025\/06\/1000047264-34x48.jpg 34w, http:\/\/milosierdzie-faustyna.pl\/wp-content\/uploads\/2025\/06\/1000047264-scaled.jpg 1810w\" sizes=\"auto, (max-width: 724px) 100vw, 724px\" \/><\/figure>\n<\/figure>\n","protected":false},"excerpt":{"rendered":"<p>\ud83c\udfad W Niedziel\u0119 15 czerwca po Mszy \u015bw. wieczornej zapraszamy na przedstawienie \u201eHamnet &#8211; Sonety 117-154\u201d w wykonaniu aktora Piotra Kondrata. \ud83c\udfad HAMNET to teatr jednego aktora. Piotr Kondrat, zawodowy aktor i rycerz IV stopnia Jana Paw\u0142a II, opar\u0142 ten spektakl o cykl sonet\u00f3w XVI-wiecznego dramaturga i poety Williama Szekspira. Te sonety Szekspir po\u015bwi\u0119ci\u0142 synowi. [&hellip;]<\/p>\n","protected":false},"author":1,"featured_media":0,"comment_status":"closed","ping_status":"closed","sticky":false,"template":"","format":"standard","meta":{"_crdt_document":"","ngg_post_thumbnail":0,"footnotes":""},"categories":[1],"tags":[],"class_list":["post-3741","post","type-post","status-publish","format-standard","hentry","category-aktualnosci"],"yoast_head":"<!-- This site is optimized with the Yoast SEO plugin v27.4 - https:\/\/yoast.com\/product\/yoast-seo-wordpress\/ -->\n<title>\u201eHamnet - Sonety 117-154\u201d - 15 czerwca 2025 r. godz. 19:00 | SANKTUARIUM \u015aW. FAUSTYNY<\/title>\n<meta name=\"robots\" content=\"index, follow, max-snippet:-1, max-image-preview:large, max-video-preview:-1\" \/>\n<link rel=\"canonical\" href=\"http:\/\/milosierdzie-faustyna.pl\/?p=3741\" \/>\n<meta property=\"og:locale\" content=\"pl_PL\" \/>\n<meta property=\"og:type\" content=\"article\" \/>\n<meta property=\"og:title\" content=\"\u201eHamnet - Sonety 117-154\u201d - 15 czerwca 2025 r. godz. 19:00 | SANKTUARIUM \u015aW. FAUSTYNY\" \/>\n<meta property=\"og:description\" content=\"\ud83c\udfad W Niedziel\u0119 15 czerwca po Mszy \u015bw. wieczornej zapraszamy na przedstawienie \u201eHamnet &#8211; Sonety 117-154\u201d w wykonaniu aktora Piotra Kondrata. \ud83c\udfad HAMNET to teatr jednego aktora. Piotr Kondrat, zawodowy aktor i rycerz IV stopnia Jana Paw\u0142a II, opar\u0142 ten spektakl o cykl sonet\u00f3w XVI-wiecznego dramaturga i poety Williama Szekspira. Te sonety Szekspir po\u015bwi\u0119ci\u0142 synowi. [&hellip;]\" \/>\n<meta property=\"og:url\" content=\"http:\/\/milosierdzie-faustyna.pl\/?p=3741\" \/>\n<meta property=\"og:site_name\" content=\"SANKTUARIUM \u015aW. FAUSTYNY\" \/>\n<meta property=\"article:publisher\" content=\"https:\/\/www.facebook.com\/SanktuariumSwFaustyny\" \/>\n<meta property=\"article:published_time\" content=\"2025-06-14T09:10:46+00:00\" \/>\n<meta property=\"article:modified_time\" content=\"2025-06-14T09:10:47+00:00\" \/>\n<meta property=\"og:image\" content=\"http:\/\/milosierdzie-faustyna.pl\/wp-content\/uploads\/2025\/06\/1000047264-724x1024.jpg\" \/>\n<meta name=\"author\" content=\"Sanktuarium \u015bw. Faustyny\" \/>\n<meta name=\"twitter:card\" content=\"summary_large_image\" \/>\n<meta name=\"twitter:label1\" content=\"Napisane przez\" \/>\n\t<meta name=\"twitter:data1\" content=\"Sanktuarium \u015bw. Faustyny\" \/>\n\t<meta name=\"twitter:label2\" content=\"Szacowany czas czytania\" \/>\n\t<meta name=\"twitter:data2\" content=\"2 minuty\" \/>\n<script type=\"application\/ld+json\" class=\"yoast-schema-graph\">{\"@context\":\"https:\\\/\\\/schema.org\",\"@graph\":[{\"@type\":\"Article\",\"@id\":\"http:\\\/\\\/milosierdzie-faustyna.pl\\\/?p=3741#article\",\"isPartOf\":{\"@id\":\"http:\\\/\\\/milosierdzie-faustyna.pl\\\/?p=3741\"},\"author\":{\"name\":\"Sanktuarium \u015bw. Faustyny\",\"@id\":\"http:\\\/\\\/milosierdzie-faustyna.pl\\\/#\\\/schema\\\/person\\\/29760652e565ae36316c1242be189025\"},\"headline\":\"\u201eHamnet &#8211; Sonety 117-154\u201d &#8211; 15 czerwca 2025 r. godz. 19:00\",\"datePublished\":\"2025-06-14T09:10:46+00:00\",\"dateModified\":\"2025-06-14T09:10:47+00:00\",\"mainEntityOfPage\":{\"@id\":\"http:\\\/\\\/milosierdzie-faustyna.pl\\\/?p=3741\"},\"wordCount\":317,\"publisher\":{\"@id\":\"http:\\\/\\\/milosierdzie-faustyna.pl\\\/#organization\"},\"image\":{\"@id\":\"http:\\\/\\\/milosierdzie-faustyna.pl\\\/?p=3741#primaryimage\"},\"thumbnailUrl\":\"http:\\\/\\\/milosierdzie-faustyna.pl\\\/wp-content\\\/uploads\\\/2025\\\/06\\\/1000047264-724x1024.jpg\",\"articleSection\":[\"aktualno\u015bci\"],\"inLanguage\":\"pl-PL\"},{\"@type\":\"WebPage\",\"@id\":\"http:\\\/\\\/milosierdzie-faustyna.pl\\\/?p=3741\",\"url\":\"http:\\\/\\\/milosierdzie-faustyna.pl\\\/?p=3741\",\"name\":\"\u201eHamnet - Sonety 117-154\u201d - 15 czerwca 2025 r. godz. 19:00 | SANKTUARIUM \u015aW. FAUSTYNY\",\"isPartOf\":{\"@id\":\"http:\\\/\\\/milosierdzie-faustyna.pl\\\/#website\"},\"primaryImageOfPage\":{\"@id\":\"http:\\\/\\\/milosierdzie-faustyna.pl\\\/?p=3741#primaryimage\"},\"image\":{\"@id\":\"http:\\\/\\\/milosierdzie-faustyna.pl\\\/?p=3741#primaryimage\"},\"thumbnailUrl\":\"http:\\\/\\\/milosierdzie-faustyna.pl\\\/wp-content\\\/uploads\\\/2025\\\/06\\\/1000047264-724x1024.jpg\",\"datePublished\":\"2025-06-14T09:10:46+00:00\",\"dateModified\":\"2025-06-14T09:10:47+00:00\",\"breadcrumb\":{\"@id\":\"http:\\\/\\\/milosierdzie-faustyna.pl\\\/?p=3741#breadcrumb\"},\"inLanguage\":\"pl-PL\",\"potentialAction\":[{\"@type\":\"ReadAction\",\"target\":[\"http:\\\/\\\/milosierdzie-faustyna.pl\\\/?p=3741\"]}]},{\"@type\":\"ImageObject\",\"inLanguage\":\"pl-PL\",\"@id\":\"http:\\\/\\\/milosierdzie-faustyna.pl\\\/?p=3741#primaryimage\",\"url\":\"http:\\\/\\\/milosierdzie-faustyna.pl\\\/wp-content\\\/uploads\\\/2025\\\/06\\\/1000047264-scaled.jpg\",\"contentUrl\":\"http:\\\/\\\/milosierdzie-faustyna.pl\\\/wp-content\\\/uploads\\\/2025\\\/06\\\/1000047264-scaled.jpg\",\"width\":1810,\"height\":2560},{\"@type\":\"BreadcrumbList\",\"@id\":\"http:\\\/\\\/milosierdzie-faustyna.pl\\\/?p=3741#breadcrumb\",\"itemListElement\":[{\"@type\":\"ListItem\",\"position\":1,\"name\":\"Strona g\u0142\u00f3wna\",\"item\":\"http:\\\/\\\/milosierdzie-faustyna.pl\\\/\"},{\"@type\":\"ListItem\",\"position\":2,\"name\":\"\u201eHamnet &#8211; Sonety 117-154\u201d &#8211; 15 czerwca 2025 r. godz. 19:00\"}]},{\"@type\":\"WebSite\",\"@id\":\"http:\\\/\\\/milosierdzie-faustyna.pl\\\/#website\",\"url\":\"http:\\\/\\\/milosierdzie-faustyna.pl\\\/\",\"name\":\"SANKTUARIUM \u015aW. FAUSTYNY\",\"description\":\"Parafia Mi\u0142osierdzia Bo\u017cego i \u015bw. Faustyny w Warszawie\",\"publisher\":{\"@id\":\"http:\\\/\\\/milosierdzie-faustyna.pl\\\/#organization\"},\"alternateName\":\"Parafia Mi\u0142osierdzia i \u015bw. Faustyny\",\"potentialAction\":[{\"@type\":\"SearchAction\",\"target\":{\"@type\":\"EntryPoint\",\"urlTemplate\":\"http:\\\/\\\/milosierdzie-faustyna.pl\\\/?s={search_term_string}\"},\"query-input\":{\"@type\":\"PropertyValueSpecification\",\"valueRequired\":true,\"valueName\":\"search_term_string\"}}],\"inLanguage\":\"pl-PL\"},{\"@type\":\"Organization\",\"@id\":\"http:\\\/\\\/milosierdzie-faustyna.pl\\\/#organization\",\"name\":\"SANKTUARIUM \u015aW. FAUSTYNY\",\"alternateName\":\"Parafia Mi\u0142osierdzia Bo\u017cego i \u015bw. Faustyny\",\"url\":\"http:\\\/\\\/milosierdzie-faustyna.pl\\\/\",\"logo\":{\"@type\":\"ImageObject\",\"inLanguage\":\"pl-PL\",\"@id\":\"http:\\\/\\\/milosierdzie-faustyna.pl\\\/#\\\/schema\\\/logo\\\/image\\\/\",\"url\":\"http:\\\/\\\/milosierdzie-faustyna.pl\\\/wp-content\\\/uploads\\\/2024\\\/11\\\/DSC4910-scaled.jpg\",\"contentUrl\":\"http:\\\/\\\/milosierdzie-faustyna.pl\\\/wp-content\\\/uploads\\\/2024\\\/11\\\/DSC4910-scaled.jpg\",\"width\":1707,\"height\":2560,\"caption\":\"SANKTUARIUM \u015aW. FAUSTYNY\"},\"image\":{\"@id\":\"http:\\\/\\\/milosierdzie-faustyna.pl\\\/#\\\/schema\\\/logo\\\/image\\\/\"},\"sameAs\":[\"https:\\\/\\\/www.facebook.com\\\/SanktuariumSwFaustyny\",\"https:\\\/\\\/www.instagram.com\\\/sanktuarium_sw.faustyny\\\/\",\"https:\\\/\\\/www.youtube.com\\\/@sanktuariumsw.faustynyprzy4967\"]},{\"@type\":\"Person\",\"@id\":\"http:\\\/\\\/milosierdzie-faustyna.pl\\\/#\\\/schema\\\/person\\\/29760652e565ae36316c1242be189025\",\"name\":\"Sanktuarium \u015bw. Faustyny\",\"image\":{\"@type\":\"ImageObject\",\"inLanguage\":\"pl-PL\",\"@id\":\"https:\\\/\\\/secure.gravatar.com\\\/avatar\\\/c092bd472375a3716c089cc240a146cbc3c124dc27a6ded5c35a40e123827f52?s=96&d=blank&r=g\",\"url\":\"https:\\\/\\\/secure.gravatar.com\\\/avatar\\\/c092bd472375a3716c089cc240a146cbc3c124dc27a6ded5c35a40e123827f52?s=96&d=blank&r=g\",\"contentUrl\":\"https:\\\/\\\/secure.gravatar.com\\\/avatar\\\/c092bd472375a3716c089cc240a146cbc3c124dc27a6ded5c35a40e123827f52?s=96&d=blank&r=g\",\"caption\":\"Sanktuarium \u015bw. Faustyny\"},\"sameAs\":[\"http:\\\/\\\/milosierdzie-faustyna.pl\"],\"url\":\"http:\\\/\\\/milosierdzie-faustyna.pl\\\/?author=1\"}]}<\/script>\n<!-- \/ Yoast SEO plugin. -->","yoast_head_json":{"title":"\u201eHamnet - Sonety 117-154\u201d - 15 czerwca 2025 r. godz. 19:00 | SANKTUARIUM \u015aW. FAUSTYNY","robots":{"index":"index","follow":"follow","max-snippet":"max-snippet:-1","max-image-preview":"max-image-preview:large","max-video-preview":"max-video-preview:-1"},"canonical":"http:\/\/milosierdzie-faustyna.pl\/?p=3741","og_locale":"pl_PL","og_type":"article","og_title":"\u201eHamnet - Sonety 117-154\u201d - 15 czerwca 2025 r. godz. 19:00 | SANKTUARIUM \u015aW. FAUSTYNY","og_description":"\ud83c\udfad W Niedziel\u0119 15 czerwca po Mszy \u015bw. wieczornej zapraszamy na przedstawienie \u201eHamnet &#8211; Sonety 117-154\u201d w wykonaniu aktora Piotra Kondrata. \ud83c\udfad HAMNET to teatr jednego aktora. Piotr Kondrat, zawodowy aktor i rycerz IV stopnia Jana Paw\u0142a II, opar\u0142 ten spektakl o cykl sonet\u00f3w XVI-wiecznego dramaturga i poety Williama Szekspira. Te sonety Szekspir po\u015bwi\u0119ci\u0142 synowi. [&hellip;]","og_url":"http:\/\/milosierdzie-faustyna.pl\/?p=3741","og_site_name":"SANKTUARIUM \u015aW. FAUSTYNY","article_publisher":"https:\/\/www.facebook.com\/SanktuariumSwFaustyny","article_published_time":"2025-06-14T09:10:46+00:00","article_modified_time":"2025-06-14T09:10:47+00:00","og_image":[{"url":"http:\/\/milosierdzie-faustyna.pl\/wp-content\/uploads\/2025\/06\/1000047264-724x1024.jpg","type":"","width":"","height":""}],"author":"Sanktuarium \u015bw. Faustyny","twitter_card":"summary_large_image","twitter_misc":{"Napisane przez":"Sanktuarium \u015bw. Faustyny","Szacowany czas czytania":"2 minuty"},"schema":{"@context":"https:\/\/schema.org","@graph":[{"@type":"Article","@id":"http:\/\/milosierdzie-faustyna.pl\/?p=3741#article","isPartOf":{"@id":"http:\/\/milosierdzie-faustyna.pl\/?p=3741"},"author":{"name":"Sanktuarium \u015bw. Faustyny","@id":"http:\/\/milosierdzie-faustyna.pl\/#\/schema\/person\/29760652e565ae36316c1242be189025"},"headline":"\u201eHamnet &#8211; Sonety 117-154\u201d &#8211; 15 czerwca 2025 r. godz. 19:00","datePublished":"2025-06-14T09:10:46+00:00","dateModified":"2025-06-14T09:10:47+00:00","mainEntityOfPage":{"@id":"http:\/\/milosierdzie-faustyna.pl\/?p=3741"},"wordCount":317,"publisher":{"@id":"http:\/\/milosierdzie-faustyna.pl\/#organization"},"image":{"@id":"http:\/\/milosierdzie-faustyna.pl\/?p=3741#primaryimage"},"thumbnailUrl":"http:\/\/milosierdzie-faustyna.pl\/wp-content\/uploads\/2025\/06\/1000047264-724x1024.jpg","articleSection":["aktualno\u015bci"],"inLanguage":"pl-PL"},{"@type":"WebPage","@id":"http:\/\/milosierdzie-faustyna.pl\/?p=3741","url":"http:\/\/milosierdzie-faustyna.pl\/?p=3741","name":"\u201eHamnet - Sonety 117-154\u201d - 15 czerwca 2025 r. godz. 19:00 | SANKTUARIUM \u015aW. FAUSTYNY","isPartOf":{"@id":"http:\/\/milosierdzie-faustyna.pl\/#website"},"primaryImageOfPage":{"@id":"http:\/\/milosierdzie-faustyna.pl\/?p=3741#primaryimage"},"image":{"@id":"http:\/\/milosierdzie-faustyna.pl\/?p=3741#primaryimage"},"thumbnailUrl":"http:\/\/milosierdzie-faustyna.pl\/wp-content\/uploads\/2025\/06\/1000047264-724x1024.jpg","datePublished":"2025-06-14T09:10:46+00:00","dateModified":"2025-06-14T09:10:47+00:00","breadcrumb":{"@id":"http:\/\/milosierdzie-faustyna.pl\/?p=3741#breadcrumb"},"inLanguage":"pl-PL","potentialAction":[{"@type":"ReadAction","target":["http:\/\/milosierdzie-faustyna.pl\/?p=3741"]}]},{"@type":"ImageObject","inLanguage":"pl-PL","@id":"http:\/\/milosierdzie-faustyna.pl\/?p=3741#primaryimage","url":"http:\/\/milosierdzie-faustyna.pl\/wp-content\/uploads\/2025\/06\/1000047264-scaled.jpg","contentUrl":"http:\/\/milosierdzie-faustyna.pl\/wp-content\/uploads\/2025\/06\/1000047264-scaled.jpg","width":1810,"height":2560},{"@type":"BreadcrumbList","@id":"http:\/\/milosierdzie-faustyna.pl\/?p=3741#breadcrumb","itemListElement":[{"@type":"ListItem","position":1,"name":"Strona g\u0142\u00f3wna","item":"http:\/\/milosierdzie-faustyna.pl\/"},{"@type":"ListItem","position":2,"name":"\u201eHamnet &#8211; Sonety 117-154\u201d &#8211; 15 czerwca 2025 r. godz. 19:00"}]},{"@type":"WebSite","@id":"http:\/\/milosierdzie-faustyna.pl\/#website","url":"http:\/\/milosierdzie-faustyna.pl\/","name":"SANKTUARIUM \u015aW. FAUSTYNY","description":"Parafia Mi\u0142osierdzia Bo\u017cego i \u015bw. Faustyny w Warszawie","publisher":{"@id":"http:\/\/milosierdzie-faustyna.pl\/#organization"},"alternateName":"Parafia Mi\u0142osierdzia i \u015bw. Faustyny","potentialAction":[{"@type":"SearchAction","target":{"@type":"EntryPoint","urlTemplate":"http:\/\/milosierdzie-faustyna.pl\/?s={search_term_string}"},"query-input":{"@type":"PropertyValueSpecification","valueRequired":true,"valueName":"search_term_string"}}],"inLanguage":"pl-PL"},{"@type":"Organization","@id":"http:\/\/milosierdzie-faustyna.pl\/#organization","name":"SANKTUARIUM \u015aW. FAUSTYNY","alternateName":"Parafia Mi\u0142osierdzia Bo\u017cego i \u015bw. Faustyny","url":"http:\/\/milosierdzie-faustyna.pl\/","logo":{"@type":"ImageObject","inLanguage":"pl-PL","@id":"http:\/\/milosierdzie-faustyna.pl\/#\/schema\/logo\/image\/","url":"http:\/\/milosierdzie-faustyna.pl\/wp-content\/uploads\/2024\/11\/DSC4910-scaled.jpg","contentUrl":"http:\/\/milosierdzie-faustyna.pl\/wp-content\/uploads\/2024\/11\/DSC4910-scaled.jpg","width":1707,"height":2560,"caption":"SANKTUARIUM \u015aW. FAUSTYNY"},"image":{"@id":"http:\/\/milosierdzie-faustyna.pl\/#\/schema\/logo\/image\/"},"sameAs":["https:\/\/www.facebook.com\/SanktuariumSwFaustyny","https:\/\/www.instagram.com\/sanktuarium_sw.faustyny\/","https:\/\/www.youtube.com\/@sanktuariumsw.faustynyprzy4967"]},{"@type":"Person","@id":"http:\/\/milosierdzie-faustyna.pl\/#\/schema\/person\/29760652e565ae36316c1242be189025","name":"Sanktuarium \u015bw. Faustyny","image":{"@type":"ImageObject","inLanguage":"pl-PL","@id":"https:\/\/secure.gravatar.com\/avatar\/c092bd472375a3716c089cc240a146cbc3c124dc27a6ded5c35a40e123827f52?s=96&d=blank&r=g","url":"https:\/\/secure.gravatar.com\/avatar\/c092bd472375a3716c089cc240a146cbc3c124dc27a6ded5c35a40e123827f52?s=96&d=blank&r=g","contentUrl":"https:\/\/secure.gravatar.com\/avatar\/c092bd472375a3716c089cc240a146cbc3c124dc27a6ded5c35a40e123827f52?s=96&d=blank&r=g","caption":"Sanktuarium \u015bw. Faustyny"},"sameAs":["http:\/\/milosierdzie-faustyna.pl"],"url":"http:\/\/milosierdzie-faustyna.pl\/?author=1"}]}},"_links":{"self":[{"href":"http:\/\/milosierdzie-faustyna.pl\/index.php?rest_route=\/wp\/v2\/posts\/3741","targetHints":{"allow":["GET"]}}],"collection":[{"href":"http:\/\/milosierdzie-faustyna.pl\/index.php?rest_route=\/wp\/v2\/posts"}],"about":[{"href":"http:\/\/milosierdzie-faustyna.pl\/index.php?rest_route=\/wp\/v2\/types\/post"}],"author":[{"embeddable":true,"href":"http:\/\/milosierdzie-faustyna.pl\/index.php?rest_route=\/wp\/v2\/users\/1"}],"replies":[{"embeddable":true,"href":"http:\/\/milosierdzie-faustyna.pl\/index.php?rest_route=%2Fwp%2Fv2%2Fcomments&post=3741"}],"version-history":[{"count":1,"href":"http:\/\/milosierdzie-faustyna.pl\/index.php?rest_route=\/wp\/v2\/posts\/3741\/revisions"}],"predecessor-version":[{"id":3743,"href":"http:\/\/milosierdzie-faustyna.pl\/index.php?rest_route=\/wp\/v2\/posts\/3741\/revisions\/3743"}],"wp:attachment":[{"href":"http:\/\/milosierdzie-faustyna.pl\/index.php?rest_route=%2Fwp%2Fv2%2Fmedia&parent=3741"}],"wp:term":[{"taxonomy":"category","embeddable":true,"href":"http:\/\/milosierdzie-faustyna.pl\/index.php?rest_route=%2Fwp%2Fv2%2Fcategories&post=3741"},{"taxonomy":"post_tag","embeddable":true,"href":"http:\/\/milosierdzie-faustyna.pl\/index.php?rest_route=%2Fwp%2Fv2%2Ftags&post=3741"}],"curies":[{"name":"wp","href":"https:\/\/api.w.org\/{rel}","templated":true}]}}