{"id":3776,"date":"2025-07-25T20:31:41","date_gmt":"2025-07-25T18:31:41","guid":{"rendered":"http:\/\/milosierdzie-faustyna.pl\/?p=3776"},"modified":"2025-07-26T16:57:41","modified_gmt":"2025-07-26T14:57:41","slug":"81-rocznica-wybuchu-powstania-warszawskiego","status":"publish","type":"post","link":"http:\/\/milosierdzie-faustyna.pl\/?p=3776","title":{"rendered":"81. rocznica wybuchu Powstania Warszawskiego &#8211; 2 sierpnia"},"content":{"rendered":"\n<p class=\"wp-block-paragraph\">\ud83d\udcef \u201ePa\u0142acyk Michla, \u017bytnia, Wola!\u201d \u2013 81. rocznica wybuchu Powstania Warszawskiego.<\/p>\n\n\n\n<p class=\"wp-block-paragraph\">Serdecznie zapraszamy:<br>\ud83d\udcc5 2 sierpnia 2025 r. (sobota)<br>\ud83d\udd55 godz. 18:00<br>\ud83d\udccd do Sanktuarium \u015bw. Faustyny przy ul. \u017bytniej 1 w Warszawie.<\/p>\n\n\n\n<p class=\"wp-block-paragraph\">To w\u0142a\u015bnie tutaj, 2 sierpnia 1944 r., \u017co\u0142nierze Batalionu AK \u201eParasol\u201d uczestniczyli we Mszy \u015bw., po kt\u00f3rej ruszyli do dalszej walki o wolno\u015b\u0107 Polski. Chcemy uczci\u0107 Ich pami\u0119\u0107 \u2013 w\u0142a\u015bnie w tym miejscu.<\/p>\n\n\n\n<p class=\"wp-block-paragraph\">W programie: <\/p>\n\n\n\n<p class=\"wp-block-paragraph\">\ud83d\udd55 18:00 \u2013 Msza \u015awi\u0119ta, kt\u00f3r\u0105 odprawi ks. Bart\u0142omiej Pergo\u0142<br>\ud83d\udd56 18:45 \u2013 Wiecz\u00f3r poezji i pie\u015bni, autorstwa &#8222;Ziutka&#8221;<br>\ud83d\udcdc Recytacje: Arkadiusz Janiczek, aktor Teatru Narodowego w Warszawie<br>\ud83c\udfb6 Piosenki: Teatr Muzyczny od Czapy<br>\ud83c\udfa4 Wsp\u00f3lne \u015bpiewanie pie\u015bni patriotycznych<br>\ud83d\uddbc\ufe0f Wspomnienie bohater\u00f3w z naszego muralu<\/p>\n\n\n\n<p class=\"wp-block-paragraph\">\ud83d\udc65 Organizator: @Fundacja im. gen. dyw. Janusza Brochwicz-Lewi\u0144skiego ps. \u201eGryf\u201d<\/p>\n\n\n\n<p class=\"wp-block-paragraph\">\ud83c\udf3a Poka\u017cmy, \u017ce pami\u0119tamy. Do zobaczenia!<\/p>\n\n\n\n<figure class=\"wp-block-gallery has-nested-images columns-default is-cropped wp-block-gallery-1 is-layout-flex wp-block-gallery-is-layout-flex\">\n<figure class=\"wp-block-image size-large\"><img loading=\"lazy\" decoding=\"async\" width=\"576\" height=\"1024\" data-id=\"3778\" src=\"http:\/\/milosierdzie-faustyna.pl\/wp-content\/uploads\/2025\/07\/1000049373-576x1024.jpg\" alt=\"\" class=\"wp-image-3778\" srcset=\"http:\/\/milosierdzie-faustyna.pl\/wp-content\/uploads\/2025\/07\/1000049373-576x1024.jpg 576w, http:\/\/milosierdzie-faustyna.pl\/wp-content\/uploads\/2025\/07\/1000049373-169x300.jpg 169w, http:\/\/milosierdzie-faustyna.pl\/wp-content\/uploads\/2025\/07\/1000049373-768x1365.jpg 768w, http:\/\/milosierdzie-faustyna.pl\/wp-content\/uploads\/2025\/07\/1000049373-864x1536.jpg 864w, http:\/\/milosierdzie-faustyna.pl\/wp-content\/uploads\/2025\/07\/1000049373-750x1333.jpg 750w, http:\/\/milosierdzie-faustyna.pl\/wp-content\/uploads\/2025\/07\/1000049373-14x24.jpg 14w, http:\/\/milosierdzie-faustyna.pl\/wp-content\/uploads\/2025\/07\/1000049373-20x36.jpg 20w, http:\/\/milosierdzie-faustyna.pl\/wp-content\/uploads\/2025\/07\/1000049373-27x48.jpg 27w, http:\/\/milosierdzie-faustyna.pl\/wp-content\/uploads\/2025\/07\/1000049373.jpg 1152w\" sizes=\"auto, (max-width: 576px) 100vw, 576px\" \/><\/figure>\n<\/figure>\n","protected":false},"excerpt":{"rendered":"<p>\ud83d\udcef \u201ePa\u0142acyk Michla, \u017bytnia, Wola!\u201d \u2013 81. rocznica wybuchu Powstania Warszawskiego. Serdecznie zapraszamy:\ud83d\udcc5 2 sierpnia 2025 r. (sobota)\ud83d\udd55 godz. 18:00\ud83d\udccd do Sanktuarium \u015bw. Faustyny przy ul. \u017bytniej 1 w Warszawie. To w\u0142a\u015bnie tutaj, 2 sierpnia 1944 r., \u017co\u0142nierze Batalionu AK \u201eParasol\u201d uczestniczyli we Mszy \u015bw., po kt\u00f3rej ruszyli do dalszej walki o wolno\u015b\u0107 Polski. Chcemy [&hellip;]<\/p>\n","protected":false},"author":1,"featured_media":0,"comment_status":"closed","ping_status":"closed","sticky":false,"template":"","format":"standard","meta":{"_crdt_document":"","ngg_post_thumbnail":0,"footnotes":""},"categories":[36],"tags":[79,80,83,82,81],"class_list":["post-3776","post","type-post","status-publish","format-standard","hentry","category-bez-kategorii-en","tag-81-rocznica-powstania-warszawskiego","tag-gryf","tag-msza-sw-powstancza","tag-powstanie-warszawskie","tag-ziutek"],"yoast_head":"<!-- This site is optimized with the Yoast SEO plugin v27.4 - https:\/\/yoast.com\/product\/yoast-seo-wordpress\/ -->\n<title>81. rocznica wybuchu Powstania Warszawskiego - 2 sierpnia | SANKTUARIUM \u015aW. FAUSTYNY<\/title>\n<meta name=\"robots\" content=\"index, follow, max-snippet:-1, max-image-preview:large, max-video-preview:-1\" \/>\n<link rel=\"canonical\" href=\"http:\/\/milosierdzie-faustyna.pl\/?p=3776\" \/>\n<meta property=\"og:locale\" content=\"pl_PL\" \/>\n<meta property=\"og:type\" content=\"article\" \/>\n<meta property=\"og:title\" content=\"81. rocznica wybuchu Powstania Warszawskiego - 2 sierpnia | SANKTUARIUM \u015aW. FAUSTYNY\" \/>\n<meta property=\"og:description\" content=\"\ud83d\udcef \u201ePa\u0142acyk Michla, \u017bytnia, Wola!\u201d \u2013 81. rocznica wybuchu Powstania Warszawskiego. Serdecznie zapraszamy:\ud83d\udcc5 2 sierpnia 2025 r. (sobota)\ud83d\udd55 godz. 18:00\ud83d\udccd do Sanktuarium \u015bw. Faustyny przy ul. \u017bytniej 1 w Warszawie. To w\u0142a\u015bnie tutaj, 2 sierpnia 1944 r., \u017co\u0142nierze Batalionu AK \u201eParasol\u201d uczestniczyli we Mszy \u015bw., po kt\u00f3rej ruszyli do dalszej walki o wolno\u015b\u0107 Polski. Chcemy [&hellip;]\" \/>\n<meta property=\"og:url\" content=\"http:\/\/milosierdzie-faustyna.pl\/?p=3776\" \/>\n<meta property=\"og:site_name\" content=\"SANKTUARIUM \u015aW. FAUSTYNY\" \/>\n<meta property=\"article:publisher\" content=\"https:\/\/www.facebook.com\/SanktuariumSwFaustyny\" \/>\n<meta property=\"article:published_time\" content=\"2025-07-25T18:31:41+00:00\" \/>\n<meta property=\"article:modified_time\" content=\"2025-07-26T14:57:41+00:00\" \/>\n<meta property=\"og:image\" content=\"http:\/\/milosierdzie-faustyna.pl\/wp-content\/uploads\/2025\/07\/1000049373-576x1024.jpg\" \/>\n<meta name=\"author\" content=\"Sanktuarium \u015bw. Faustyny\" \/>\n<meta name=\"twitter:card\" content=\"summary_large_image\" \/>\n<meta name=\"twitter:label1\" content=\"Napisane przez\" \/>\n\t<meta name=\"twitter:data1\" content=\"Sanktuarium \u015bw. Faustyny\" \/>\n\t<meta name=\"twitter:label2\" content=\"Szacowany czas czytania\" \/>\n\t<meta name=\"twitter:data2\" content=\"1 minuta\" \/>\n<script type=\"application\/ld+json\" class=\"yoast-schema-graph\">{\"@context\":\"https:\\\/\\\/schema.org\",\"@graph\":[{\"@type\":\"Article\",\"@id\":\"http:\\\/\\\/milosierdzie-faustyna.pl\\\/?p=3776#article\",\"isPartOf\":{\"@id\":\"http:\\\/\\\/milosierdzie-faustyna.pl\\\/?p=3776\"},\"author\":{\"name\":\"Sanktuarium \u015bw. Faustyny\",\"@id\":\"http:\\\/\\\/milosierdzie-faustyna.pl\\\/#\\\/schema\\\/person\\\/29760652e565ae36316c1242be189025\"},\"headline\":\"81. rocznica wybuchu Powstania Warszawskiego &#8211; 2 sierpnia\",\"datePublished\":\"2025-07-25T18:31:41+00:00\",\"dateModified\":\"2025-07-26T14:57:41+00:00\",\"mainEntityOfPage\":{\"@id\":\"http:\\\/\\\/milosierdzie-faustyna.pl\\\/?p=3776\"},\"wordCount\":128,\"publisher\":{\"@id\":\"http:\\\/\\\/milosierdzie-faustyna.pl\\\/#organization\"},\"image\":{\"@id\":\"http:\\\/\\\/milosierdzie-faustyna.pl\\\/?p=3776#primaryimage\"},\"thumbnailUrl\":\"http:\\\/\\\/milosierdzie-faustyna.pl\\\/wp-content\\\/uploads\\\/2025\\\/07\\\/1000049373-576x1024.jpg\",\"keywords\":[\"81. Rocznica Powstania Warszawskiego\",\"Gryf\",\"Msza \u015bw. powsta\u0144cza\",\"Powstanie Warszawskie\",\"Ziutek\"],\"inLanguage\":\"pl-PL\"},{\"@type\":\"WebPage\",\"@id\":\"http:\\\/\\\/milosierdzie-faustyna.pl\\\/?p=3776\",\"url\":\"http:\\\/\\\/milosierdzie-faustyna.pl\\\/?p=3776\",\"name\":\"81. rocznica wybuchu Powstania Warszawskiego - 2 sierpnia | SANKTUARIUM \u015aW. FAUSTYNY\",\"isPartOf\":{\"@id\":\"http:\\\/\\\/milosierdzie-faustyna.pl\\\/#website\"},\"primaryImageOfPage\":{\"@id\":\"http:\\\/\\\/milosierdzie-faustyna.pl\\\/?p=3776#primaryimage\"},\"image\":{\"@id\":\"http:\\\/\\\/milosierdzie-faustyna.pl\\\/?p=3776#primaryimage\"},\"thumbnailUrl\":\"http:\\\/\\\/milosierdzie-faustyna.pl\\\/wp-content\\\/uploads\\\/2025\\\/07\\\/1000049373-576x1024.jpg\",\"datePublished\":\"2025-07-25T18:31:41+00:00\",\"dateModified\":\"2025-07-26T14:57:41+00:00\",\"breadcrumb\":{\"@id\":\"http:\\\/\\\/milosierdzie-faustyna.pl\\\/?p=3776#breadcrumb\"},\"inLanguage\":\"pl-PL\",\"potentialAction\":[{\"@type\":\"ReadAction\",\"target\":[\"http:\\\/\\\/milosierdzie-faustyna.pl\\\/?p=3776\"]}]},{\"@type\":\"ImageObject\",\"inLanguage\":\"pl-PL\",\"@id\":\"http:\\\/\\\/milosierdzie-faustyna.pl\\\/?p=3776#primaryimage\",\"url\":\"http:\\\/\\\/milosierdzie-faustyna.pl\\\/wp-content\\\/uploads\\\/2025\\\/07\\\/1000049373.jpg\",\"contentUrl\":\"http:\\\/\\\/milosierdzie-faustyna.pl\\\/wp-content\\\/uploads\\\/2025\\\/07\\\/1000049373.jpg\",\"width\":1152,\"height\":2048},{\"@type\":\"BreadcrumbList\",\"@id\":\"http:\\\/\\\/milosierdzie-faustyna.pl\\\/?p=3776#breadcrumb\",\"itemListElement\":[{\"@type\":\"ListItem\",\"position\":1,\"name\":\"Strona g\u0142\u00f3wna\",\"item\":\"http:\\\/\\\/milosierdzie-faustyna.pl\\\/\"},{\"@type\":\"ListItem\",\"position\":2,\"name\":\"81. rocznica wybuchu Powstania Warszawskiego &#8211; 2 sierpnia\"}]},{\"@type\":\"WebSite\",\"@id\":\"http:\\\/\\\/milosierdzie-faustyna.pl\\\/#website\",\"url\":\"http:\\\/\\\/milosierdzie-faustyna.pl\\\/\",\"name\":\"SANKTUARIUM \u015aW. FAUSTYNY\",\"description\":\"Parafia Mi\u0142osierdzia Bo\u017cego i \u015bw. Faustyny w Warszawie\",\"publisher\":{\"@id\":\"http:\\\/\\\/milosierdzie-faustyna.pl\\\/#organization\"},\"alternateName\":\"Parafia Mi\u0142osierdzia i \u015bw. Faustyny\",\"potentialAction\":[{\"@type\":\"SearchAction\",\"target\":{\"@type\":\"EntryPoint\",\"urlTemplate\":\"http:\\\/\\\/milosierdzie-faustyna.pl\\\/?s={search_term_string}\"},\"query-input\":{\"@type\":\"PropertyValueSpecification\",\"valueRequired\":true,\"valueName\":\"search_term_string\"}}],\"inLanguage\":\"pl-PL\"},{\"@type\":\"Organization\",\"@id\":\"http:\\\/\\\/milosierdzie-faustyna.pl\\\/#organization\",\"name\":\"SANKTUARIUM \u015aW. FAUSTYNY\",\"alternateName\":\"Parafia Mi\u0142osierdzia Bo\u017cego i \u015bw. Faustyny\",\"url\":\"http:\\\/\\\/milosierdzie-faustyna.pl\\\/\",\"logo\":{\"@type\":\"ImageObject\",\"inLanguage\":\"pl-PL\",\"@id\":\"http:\\\/\\\/milosierdzie-faustyna.pl\\\/#\\\/schema\\\/logo\\\/image\\\/\",\"url\":\"http:\\\/\\\/milosierdzie-faustyna.pl\\\/wp-content\\\/uploads\\\/2024\\\/11\\\/DSC4910-scaled.jpg\",\"contentUrl\":\"http:\\\/\\\/milosierdzie-faustyna.pl\\\/wp-content\\\/uploads\\\/2024\\\/11\\\/DSC4910-scaled.jpg\",\"width\":1707,\"height\":2560,\"caption\":\"SANKTUARIUM \u015aW. FAUSTYNY\"},\"image\":{\"@id\":\"http:\\\/\\\/milosierdzie-faustyna.pl\\\/#\\\/schema\\\/logo\\\/image\\\/\"},\"sameAs\":[\"https:\\\/\\\/www.facebook.com\\\/SanktuariumSwFaustyny\",\"https:\\\/\\\/www.instagram.com\\\/sanktuarium_sw.faustyny\\\/\",\"https:\\\/\\\/www.youtube.com\\\/@sanktuariumsw.faustynyprzy4967\"]},{\"@type\":\"Person\",\"@id\":\"http:\\\/\\\/milosierdzie-faustyna.pl\\\/#\\\/schema\\\/person\\\/29760652e565ae36316c1242be189025\",\"name\":\"Sanktuarium \u015bw. Faustyny\",\"image\":{\"@type\":\"ImageObject\",\"inLanguage\":\"pl-PL\",\"@id\":\"https:\\\/\\\/secure.gravatar.com\\\/avatar\\\/c092bd472375a3716c089cc240a146cbc3c124dc27a6ded5c35a40e123827f52?s=96&d=blank&r=g\",\"url\":\"https:\\\/\\\/secure.gravatar.com\\\/avatar\\\/c092bd472375a3716c089cc240a146cbc3c124dc27a6ded5c35a40e123827f52?s=96&d=blank&r=g\",\"contentUrl\":\"https:\\\/\\\/secure.gravatar.com\\\/avatar\\\/c092bd472375a3716c089cc240a146cbc3c124dc27a6ded5c35a40e123827f52?s=96&d=blank&r=g\",\"caption\":\"Sanktuarium \u015bw. Faustyny\"},\"sameAs\":[\"http:\\\/\\\/milosierdzie-faustyna.pl\"],\"url\":\"http:\\\/\\\/milosierdzie-faustyna.pl\\\/?author=1\"}]}<\/script>\n<!-- \/ Yoast SEO plugin. -->","yoast_head_json":{"title":"81. rocznica wybuchu Powstania Warszawskiego - 2 sierpnia | SANKTUARIUM \u015aW. FAUSTYNY","robots":{"index":"index","follow":"follow","max-snippet":"max-snippet:-1","max-image-preview":"max-image-preview:large","max-video-preview":"max-video-preview:-1"},"canonical":"http:\/\/milosierdzie-faustyna.pl\/?p=3776","og_locale":"pl_PL","og_type":"article","og_title":"81. rocznica wybuchu Powstania Warszawskiego - 2 sierpnia | SANKTUARIUM \u015aW. FAUSTYNY","og_description":"\ud83d\udcef \u201ePa\u0142acyk Michla, \u017bytnia, Wola!\u201d \u2013 81. rocznica wybuchu Powstania Warszawskiego. Serdecznie zapraszamy:\ud83d\udcc5 2 sierpnia 2025 r. (sobota)\ud83d\udd55 godz. 18:00\ud83d\udccd do Sanktuarium \u015bw. Faustyny przy ul. \u017bytniej 1 w Warszawie. To w\u0142a\u015bnie tutaj, 2 sierpnia 1944 r., \u017co\u0142nierze Batalionu AK \u201eParasol\u201d uczestniczyli we Mszy \u015bw., po kt\u00f3rej ruszyli do dalszej walki o wolno\u015b\u0107 Polski. Chcemy [&hellip;]","og_url":"http:\/\/milosierdzie-faustyna.pl\/?p=3776","og_site_name":"SANKTUARIUM \u015aW. FAUSTYNY","article_publisher":"https:\/\/www.facebook.com\/SanktuariumSwFaustyny","article_published_time":"2025-07-25T18:31:41+00:00","article_modified_time":"2025-07-26T14:57:41+00:00","og_image":[{"url":"http:\/\/milosierdzie-faustyna.pl\/wp-content\/uploads\/2025\/07\/1000049373-576x1024.jpg","type":"","width":"","height":""}],"author":"Sanktuarium \u015bw. Faustyny","twitter_card":"summary_large_image","twitter_misc":{"Napisane przez":"Sanktuarium \u015bw. Faustyny","Szacowany czas czytania":"1 minuta"},"schema":{"@context":"https:\/\/schema.org","@graph":[{"@type":"Article","@id":"http:\/\/milosierdzie-faustyna.pl\/?p=3776#article","isPartOf":{"@id":"http:\/\/milosierdzie-faustyna.pl\/?p=3776"},"author":{"name":"Sanktuarium \u015bw. Faustyny","@id":"http:\/\/milosierdzie-faustyna.pl\/#\/schema\/person\/29760652e565ae36316c1242be189025"},"headline":"81. rocznica wybuchu Powstania Warszawskiego &#8211; 2 sierpnia","datePublished":"2025-07-25T18:31:41+00:00","dateModified":"2025-07-26T14:57:41+00:00","mainEntityOfPage":{"@id":"http:\/\/milosierdzie-faustyna.pl\/?p=3776"},"wordCount":128,"publisher":{"@id":"http:\/\/milosierdzie-faustyna.pl\/#organization"},"image":{"@id":"http:\/\/milosierdzie-faustyna.pl\/?p=3776#primaryimage"},"thumbnailUrl":"http:\/\/milosierdzie-faustyna.pl\/wp-content\/uploads\/2025\/07\/1000049373-576x1024.jpg","keywords":["81. Rocznica Powstania Warszawskiego","Gryf","Msza \u015bw. powsta\u0144cza","Powstanie Warszawskie","Ziutek"],"inLanguage":"pl-PL"},{"@type":"WebPage","@id":"http:\/\/milosierdzie-faustyna.pl\/?p=3776","url":"http:\/\/milosierdzie-faustyna.pl\/?p=3776","name":"81. rocznica wybuchu Powstania Warszawskiego - 2 sierpnia | SANKTUARIUM \u015aW. FAUSTYNY","isPartOf":{"@id":"http:\/\/milosierdzie-faustyna.pl\/#website"},"primaryImageOfPage":{"@id":"http:\/\/milosierdzie-faustyna.pl\/?p=3776#primaryimage"},"image":{"@id":"http:\/\/milosierdzie-faustyna.pl\/?p=3776#primaryimage"},"thumbnailUrl":"http:\/\/milosierdzie-faustyna.pl\/wp-content\/uploads\/2025\/07\/1000049373-576x1024.jpg","datePublished":"2025-07-25T18:31:41+00:00","dateModified":"2025-07-26T14:57:41+00:00","breadcrumb":{"@id":"http:\/\/milosierdzie-faustyna.pl\/?p=3776#breadcrumb"},"inLanguage":"pl-PL","potentialAction":[{"@type":"ReadAction","target":["http:\/\/milosierdzie-faustyna.pl\/?p=3776"]}]},{"@type":"ImageObject","inLanguage":"pl-PL","@id":"http:\/\/milosierdzie-faustyna.pl\/?p=3776#primaryimage","url":"http:\/\/milosierdzie-faustyna.pl\/wp-content\/uploads\/2025\/07\/1000049373.jpg","contentUrl":"http:\/\/milosierdzie-faustyna.pl\/wp-content\/uploads\/2025\/07\/1000049373.jpg","width":1152,"height":2048},{"@type":"BreadcrumbList","@id":"http:\/\/milosierdzie-faustyna.pl\/?p=3776#breadcrumb","itemListElement":[{"@type":"ListItem","position":1,"name":"Strona g\u0142\u00f3wna","item":"http:\/\/milosierdzie-faustyna.pl\/"},{"@type":"ListItem","position":2,"name":"81. rocznica wybuchu Powstania Warszawskiego &#8211; 2 sierpnia"}]},{"@type":"WebSite","@id":"http:\/\/milosierdzie-faustyna.pl\/#website","url":"http:\/\/milosierdzie-faustyna.pl\/","name":"SANKTUARIUM \u015aW. FAUSTYNY","description":"Parafia Mi\u0142osierdzia Bo\u017cego i \u015bw. Faustyny w Warszawie","publisher":{"@id":"http:\/\/milosierdzie-faustyna.pl\/#organization"},"alternateName":"Parafia Mi\u0142osierdzia i \u015bw. Faustyny","potentialAction":[{"@type":"SearchAction","target":{"@type":"EntryPoint","urlTemplate":"http:\/\/milosierdzie-faustyna.pl\/?s={search_term_string}"},"query-input":{"@type":"PropertyValueSpecification","valueRequired":true,"valueName":"search_term_string"}}],"inLanguage":"pl-PL"},{"@type":"Organization","@id":"http:\/\/milosierdzie-faustyna.pl\/#organization","name":"SANKTUARIUM \u015aW. FAUSTYNY","alternateName":"Parafia Mi\u0142osierdzia Bo\u017cego i \u015bw. Faustyny","url":"http:\/\/milosierdzie-faustyna.pl\/","logo":{"@type":"ImageObject","inLanguage":"pl-PL","@id":"http:\/\/milosierdzie-faustyna.pl\/#\/schema\/logo\/image\/","url":"http:\/\/milosierdzie-faustyna.pl\/wp-content\/uploads\/2024\/11\/DSC4910-scaled.jpg","contentUrl":"http:\/\/milosierdzie-faustyna.pl\/wp-content\/uploads\/2024\/11\/DSC4910-scaled.jpg","width":1707,"height":2560,"caption":"SANKTUARIUM \u015aW. FAUSTYNY"},"image":{"@id":"http:\/\/milosierdzie-faustyna.pl\/#\/schema\/logo\/image\/"},"sameAs":["https:\/\/www.facebook.com\/SanktuariumSwFaustyny","https:\/\/www.instagram.com\/sanktuarium_sw.faustyny\/","https:\/\/www.youtube.com\/@sanktuariumsw.faustynyprzy4967"]},{"@type":"Person","@id":"http:\/\/milosierdzie-faustyna.pl\/#\/schema\/person\/29760652e565ae36316c1242be189025","name":"Sanktuarium \u015bw. Faustyny","image":{"@type":"ImageObject","inLanguage":"pl-PL","@id":"https:\/\/secure.gravatar.com\/avatar\/c092bd472375a3716c089cc240a146cbc3c124dc27a6ded5c35a40e123827f52?s=96&d=blank&r=g","url":"https:\/\/secure.gravatar.com\/avatar\/c092bd472375a3716c089cc240a146cbc3c124dc27a6ded5c35a40e123827f52?s=96&d=blank&r=g","contentUrl":"https:\/\/secure.gravatar.com\/avatar\/c092bd472375a3716c089cc240a146cbc3c124dc27a6ded5c35a40e123827f52?s=96&d=blank&r=g","caption":"Sanktuarium \u015bw. Faustyny"},"sameAs":["http:\/\/milosierdzie-faustyna.pl"],"url":"http:\/\/milosierdzie-faustyna.pl\/?author=1"}]}},"_links":{"self":[{"href":"http:\/\/milosierdzie-faustyna.pl\/index.php?rest_route=\/wp\/v2\/posts\/3776","targetHints":{"allow":["GET"]}}],"collection":[{"href":"http:\/\/milosierdzie-faustyna.pl\/index.php?rest_route=\/wp\/v2\/posts"}],"about":[{"href":"http:\/\/milosierdzie-faustyna.pl\/index.php?rest_route=\/wp\/v2\/types\/post"}],"author":[{"embeddable":true,"href":"http:\/\/milosierdzie-faustyna.pl\/index.php?rest_route=\/wp\/v2\/users\/1"}],"replies":[{"embeddable":true,"href":"http:\/\/milosierdzie-faustyna.pl\/index.php?rest_route=%2Fwp%2Fv2%2Fcomments&post=3776"}],"version-history":[{"count":2,"href":"http:\/\/milosierdzie-faustyna.pl\/index.php?rest_route=\/wp\/v2\/posts\/3776\/revisions"}],"predecessor-version":[{"id":3780,"href":"http:\/\/milosierdzie-faustyna.pl\/index.php?rest_route=\/wp\/v2\/posts\/3776\/revisions\/3780"}],"wp:attachment":[{"href":"http:\/\/milosierdzie-faustyna.pl\/index.php?rest_route=%2Fwp%2Fv2%2Fmedia&parent=3776"}],"wp:term":[{"taxonomy":"category","embeddable":true,"href":"http:\/\/milosierdzie-faustyna.pl\/index.php?rest_route=%2Fwp%2Fv2%2Fcategories&post=3776"},{"taxonomy":"post_tag","embeddable":true,"href":"http:\/\/milosierdzie-faustyna.pl\/index.php?rest_route=%2Fwp%2Fv2%2Ftags&post=3776"}],"curies":[{"name":"wp","href":"https:\/\/api.w.org\/{rel}","templated":true}]}}