{"id":3834,"date":"2025-09-22T00:04:39","date_gmt":"2025-09-21T22:04:39","guid":{"rendered":"http:\/\/milosierdzie-faustyna.pl\/?p=3834"},"modified":"2025-09-22T00:04:39","modified_gmt":"2025-09-21T22:04:39","slug":"%f0%9f%94%94przygotowanie-do-przyjecia-sakramentu-bierzmowania-zapisy","status":"publish","type":"post","link":"http:\/\/milosierdzie-faustyna.pl\/?p=3834","title":{"rendered":"\ud83d\udd14PRZYGOTOWANIE DO PRZYJ\u0118CIA SAKRAMENTU BIERZMOWANIA &#8211; ZAPISY"},"content":{"rendered":"\n<p class=\"wp-block-paragraph\">Serdecznie zapraszamy uczni\u00f3w klas VIII szko\u0142y podstawowej oraz uczni\u00f3w szk\u00f3\u0142 \u015brednich do udzia\u0142u w kursie przygotowuj\u0105cym do przyj\u0119cia Sakramentu Bierzmowania.<\/p>\n\n\n\n<p class=\"wp-block-paragraph\">\ud83d\udccd Zg\u0142oszenia przyjmujemy w zakrystii lub kancelarii parafialnej.<\/p>\n\n\n\n<p class=\"wp-block-paragraph\">Przygotowanie obejmie cykl spotka\u0144 formacyjnych, kt\u00f3re pomog\u0105 m\u0142odym ludziom lepiej zrozumie\u0107 wiar\u0119, \u015bwiadomie wybra\u0107 Chrystusa i otworzy\u0107 si\u0119 na dary Ducha \u015awi\u0119tego. Zapraszamy wszystkich, kt\u00f3rzy chc\u0105 pog\u0142\u0119bi\u0107 swoj\u0105 relacj\u0119 z Bogiem i w pe\u0142ni uczestniczy\u0107 w \u017cyciu Ko\u015bcio\u0142a.<\/p>\n\n\n\n<p class=\"wp-block-paragraph\">\ud83d\udd14 Uroczysto\u015b\u0107 przyj\u0119cia Sakramentu Bierzmowania odb\u0119dzie si\u0119 5 pa\u017adziernika 2026 roku, w dniu liturgicznego wspomnienia \u015bw. Faustyny Kowalskiej \u2013 patronki naszego Sanktuarium i wielkiej Aposto\u0142ki Bo\u017cego Mi\u0142osierdzia.<\/p>\n\n\n\n<p class=\"wp-block-paragraph\">To wyj\u0105tkowa data dla naszej parafii \u2013 dzie\u0144 odpustu parafialnego, kt\u00f3ry upami\u0119tnia \u015bmier\u0107 \u015bw. Faustyny (\u2020 5 pa\u017adziernika 1938 r.). To tu w klasztorze Zgromadzenia Si\u00f3str Matki Bo\u017cej Mi\u0142osierdzia przy ul. \u017bytniej 3\/9 rozpocz\u0119\u0142a ona \u017cycie zakonne, a jej duchowe dziedzictwo nieustannie inspiruje kolejne pokolenia wierz\u0105cych.<\/p>\n\n\n\n<p class=\"wp-block-paragraph\">Nie zwlekaj \u2013 zapisz si\u0119 ju\u017c dzi\u015b i rozpocznij drog\u0119, kt\u00f3ra poprowadzi Ci\u0119 do pe\u0142ni \u017cycia w Duchu \u015awi\u0119tym!<\/p>\n\n\n\n<figure class=\"wp-block-image size-large\"><img loading=\"lazy\" decoding=\"async\" width=\"1024\" height=\"858\" src=\"http:\/\/milosierdzie-faustyna.pl\/wp-content\/uploads\/2025\/09\/Post-Instagram-Dia-de-Pentecostes-Religioso-Minimalista-Branco-e-Dourado2-1024x858.jpg\" alt=\"\" class=\"wp-image-3835\" srcset=\"http:\/\/milosierdzie-faustyna.pl\/wp-content\/uploads\/2025\/09\/Post-Instagram-Dia-de-Pentecostes-Religioso-Minimalista-Branco-e-Dourado2-1024x858.jpg 1024w, http:\/\/milosierdzie-faustyna.pl\/wp-content\/uploads\/2025\/09\/Post-Instagram-Dia-de-Pentecostes-Religioso-Minimalista-Branco-e-Dourado2-300x251.jpg 300w, http:\/\/milosierdzie-faustyna.pl\/wp-content\/uploads\/2025\/09\/Post-Instagram-Dia-de-Pentecostes-Religioso-Minimalista-Branco-e-Dourado2-768x644.jpg 768w, http:\/\/milosierdzie-faustyna.pl\/wp-content\/uploads\/2025\/09\/Post-Instagram-Dia-de-Pentecostes-Religioso-Minimalista-Branco-e-Dourado2-1536x1288.jpg 1536w, http:\/\/milosierdzie-faustyna.pl\/wp-content\/uploads\/2025\/09\/Post-Instagram-Dia-de-Pentecostes-Religioso-Minimalista-Branco-e-Dourado2-2048x1717.jpg 2048w, http:\/\/milosierdzie-faustyna.pl\/wp-content\/uploads\/2025\/09\/Post-Instagram-Dia-de-Pentecostes-Religioso-Minimalista-Branco-e-Dourado2-750x629.jpg 750w, http:\/\/milosierdzie-faustyna.pl\/wp-content\/uploads\/2025\/09\/Post-Instagram-Dia-de-Pentecostes-Religioso-Minimalista-Branco-e-Dourado2-24x20.jpg 24w, http:\/\/milosierdzie-faustyna.pl\/wp-content\/uploads\/2025\/09\/Post-Instagram-Dia-de-Pentecostes-Religioso-Minimalista-Branco-e-Dourado2-36x30.jpg 36w, http:\/\/milosierdzie-faustyna.pl\/wp-content\/uploads\/2025\/09\/Post-Instagram-Dia-de-Pentecostes-Religioso-Minimalista-Branco-e-Dourado2-48x40.jpg 48w\" sizes=\"auto, (max-width: 1024px) 100vw, 1024px\" \/><\/figure>\n","protected":false},"excerpt":{"rendered":"<p>Serdecznie zapraszamy uczni\u00f3w klas VIII szko\u0142y podstawowej oraz uczni\u00f3w szk\u00f3\u0142 \u015brednich do udzia\u0142u w kursie przygotowuj\u0105cym do przyj\u0119cia Sakramentu Bierzmowania. \ud83d\udccd Zg\u0142oszenia przyjmujemy w zakrystii lub kancelarii parafialnej. Przygotowanie obejmie cykl spotka\u0144 formacyjnych, kt\u00f3re pomog\u0105 m\u0142odym ludziom lepiej zrozumie\u0107 wiar\u0119, \u015bwiadomie wybra\u0107 Chrystusa i otworzy\u0107 si\u0119 na dary Ducha \u015awi\u0119tego. Zapraszamy wszystkich, kt\u00f3rzy chc\u0105 pog\u0142\u0119bi\u0107 [&hellip;]<\/p>\n","protected":false},"author":1,"featured_media":0,"comment_status":"closed","ping_status":"closed","sticky":false,"template":"","format":"standard","meta":{"_crdt_document":"","ngg_post_thumbnail":0,"footnotes":""},"categories":[36],"tags":[98,88,84,89,92,95,97,87,96,86,85,93,94,91,90],"class_list":["post-3834","post","type-post","status-publish","format-standard","hentry","category-bez-kategorii-en","tag-archidiecezjawarszawska","tag-bierzmowanie","tag-bierzmowanie2026","tag-bozemilosierdzie","tag-duchswiety","tag-katolicyzm","tag-kosciolkatolicki","tag-przygotowaniedobierzmowania","tag-sakramenty","tag-sanktuariumswietejfaustyny","tag-swietafaustyna","tag-warszawa","tag-wiarawpraktyce","tag-zyciezbogiem","tag-zytnia1"],"yoast_head":"<!-- This site is optimized with the Yoast SEO plugin v27.4 - https:\/\/yoast.com\/product\/yoast-seo-wordpress\/ -->\n<title>\ud83d\udd14PRZYGOTOWANIE DO PRZYJ\u0118CIA SAKRAMENTU BIERZMOWANIA - ZAPISY | SANKTUARIUM \u015aW. FAUSTYNY<\/title>\n<meta name=\"robots\" content=\"index, follow, max-snippet:-1, max-image-preview:large, max-video-preview:-1\" \/>\n<link rel=\"canonical\" href=\"https:\/\/milosierdzie-faustyna.pl\/?p=3834\" \/>\n<meta property=\"og:locale\" content=\"pl_PL\" \/>\n<meta property=\"og:type\" content=\"article\" \/>\n<meta property=\"og:title\" content=\"\ud83d\udd14PRZYGOTOWANIE DO PRZYJ\u0118CIA SAKRAMENTU BIERZMOWANIA - ZAPISY | SANKTUARIUM \u015aW. FAUSTYNY\" \/>\n<meta property=\"og:description\" content=\"Serdecznie zapraszamy uczni\u00f3w klas VIII szko\u0142y podstawowej oraz uczni\u00f3w szk\u00f3\u0142 \u015brednich do udzia\u0142u w kursie przygotowuj\u0105cym do przyj\u0119cia Sakramentu Bierzmowania. \ud83d\udccd Zg\u0142oszenia przyjmujemy w zakrystii lub kancelarii parafialnej. Przygotowanie obejmie cykl spotka\u0144 formacyjnych, kt\u00f3re pomog\u0105 m\u0142odym ludziom lepiej zrozumie\u0107 wiar\u0119, \u015bwiadomie wybra\u0107 Chrystusa i otworzy\u0107 si\u0119 na dary Ducha \u015awi\u0119tego. Zapraszamy wszystkich, kt\u00f3rzy chc\u0105 pog\u0142\u0119bi\u0107 [&hellip;]\" \/>\n<meta property=\"og:url\" content=\"https:\/\/milosierdzie-faustyna.pl\/?p=3834\" \/>\n<meta property=\"og:site_name\" content=\"SANKTUARIUM \u015aW. FAUSTYNY\" \/>\n<meta property=\"article:publisher\" content=\"https:\/\/www.facebook.com\/SanktuariumSwFaustyny\" \/>\n<meta property=\"article:published_time\" content=\"2025-09-21T22:04:39+00:00\" \/>\n<meta property=\"og:image\" content=\"http:\/\/milosierdzie-faustyna.pl\/wp-content\/uploads\/2025\/09\/Post-Instagram-Dia-de-Pentecostes-Religioso-Minimalista-Branco-e-Dourado2-1024x858.jpg\" \/>\n<meta name=\"author\" content=\"Sanktuarium \u015bw. Faustyny\" \/>\n<meta name=\"twitter:card\" content=\"summary_large_image\" \/>\n<meta name=\"twitter:label1\" content=\"Napisane przez\" \/>\n\t<meta name=\"twitter:data1\" content=\"Sanktuarium \u015bw. Faustyny\" \/>\n\t<meta name=\"twitter:label2\" content=\"Szacowany czas czytania\" \/>\n\t<meta name=\"twitter:data2\" content=\"2 minuty\" \/>\n<script type=\"application\/ld+json\" class=\"yoast-schema-graph\">{\"@context\":\"https:\\\/\\\/schema.org\",\"@graph\":[{\"@type\":\"Article\",\"@id\":\"https:\\\/\\\/milosierdzie-faustyna.pl\\\/?p=3834#article\",\"isPartOf\":{\"@id\":\"https:\\\/\\\/milosierdzie-faustyna.pl\\\/?p=3834\"},\"author\":{\"name\":\"Sanktuarium \u015bw. Faustyny\",\"@id\":\"http:\\\/\\\/milosierdzie-faustyna.pl\\\/#\\\/schema\\\/person\\\/29760652e565ae36316c1242be189025\"},\"headline\":\"\ud83d\udd14PRZYGOTOWANIE DO PRZYJ\u0118CIA SAKRAMENTU BIERZMOWANIA &#8211; ZAPISY\",\"datePublished\":\"2025-09-21T22:04:39+00:00\",\"mainEntityOfPage\":{\"@id\":\"https:\\\/\\\/milosierdzie-faustyna.pl\\\/?p=3834\"},\"wordCount\":188,\"publisher\":{\"@id\":\"http:\\\/\\\/milosierdzie-faustyna.pl\\\/#organization\"},\"image\":{\"@id\":\"https:\\\/\\\/milosierdzie-faustyna.pl\\\/?p=3834#primaryimage\"},\"thumbnailUrl\":\"http:\\\/\\\/milosierdzie-faustyna.pl\\\/wp-content\\\/uploads\\\/2025\\\/09\\\/Post-Instagram-Dia-de-Pentecostes-Religioso-Minimalista-Branco-e-Dourado2-1024x858.jpg\",\"keywords\":[\"ArchidiecezjaWarszawska\",\"bierzmowanie\",\"bierzmowanie2026\",\"Bo\u017ceMi\u0142osierdzie\",\"Duch\u015awi\u0119ty\",\"katolicyzm\",\"Ko\u015bci\u00f3\u0142Katolicki\",\"przygotowaniedobierzmowania\",\"sakramenty\",\"Sanktuarium\u015awi\u0119tejFaustyny\",\"\u015awi\u0119taFaustyna\",\"Warszawa\",\"wiarawpraktyce\",\"\u017cyciezBogiem\",\"\u017bytnia1\"],\"inLanguage\":\"pl-PL\"},{\"@type\":\"WebPage\",\"@id\":\"https:\\\/\\\/milosierdzie-faustyna.pl\\\/?p=3834\",\"url\":\"https:\\\/\\\/milosierdzie-faustyna.pl\\\/?p=3834\",\"name\":\"\ud83d\udd14PRZYGOTOWANIE DO PRZYJ\u0118CIA SAKRAMENTU BIERZMOWANIA - ZAPISY | SANKTUARIUM \u015aW. FAUSTYNY\",\"isPartOf\":{\"@id\":\"http:\\\/\\\/milosierdzie-faustyna.pl\\\/#website\"},\"primaryImageOfPage\":{\"@id\":\"https:\\\/\\\/milosierdzie-faustyna.pl\\\/?p=3834#primaryimage\"},\"image\":{\"@id\":\"https:\\\/\\\/milosierdzie-faustyna.pl\\\/?p=3834#primaryimage\"},\"thumbnailUrl\":\"http:\\\/\\\/milosierdzie-faustyna.pl\\\/wp-content\\\/uploads\\\/2025\\\/09\\\/Post-Instagram-Dia-de-Pentecostes-Religioso-Minimalista-Branco-e-Dourado2-1024x858.jpg\",\"datePublished\":\"2025-09-21T22:04:39+00:00\",\"breadcrumb\":{\"@id\":\"https:\\\/\\\/milosierdzie-faustyna.pl\\\/?p=3834#breadcrumb\"},\"inLanguage\":\"pl-PL\",\"potentialAction\":[{\"@type\":\"ReadAction\",\"target\":[\"https:\\\/\\\/milosierdzie-faustyna.pl\\\/?p=3834\"]}]},{\"@type\":\"ImageObject\",\"inLanguage\":\"pl-PL\",\"@id\":\"https:\\\/\\\/milosierdzie-faustyna.pl\\\/?p=3834#primaryimage\",\"url\":\"http:\\\/\\\/milosierdzie-faustyna.pl\\\/wp-content\\\/uploads\\\/2025\\\/09\\\/Post-Instagram-Dia-de-Pentecostes-Religioso-Minimalista-Branco-e-Dourado2.jpg\",\"contentUrl\":\"http:\\\/\\\/milosierdzie-faustyna.pl\\\/wp-content\\\/uploads\\\/2025\\\/09\\\/Post-Instagram-Dia-de-Pentecostes-Religioso-Minimalista-Branco-e-Dourado2.jpg\",\"width\":2468,\"height\":2069},{\"@type\":\"BreadcrumbList\",\"@id\":\"https:\\\/\\\/milosierdzie-faustyna.pl\\\/?p=3834#breadcrumb\",\"itemListElement\":[{\"@type\":\"ListItem\",\"position\":1,\"name\":\"Strona g\u0142\u00f3wna\",\"item\":\"http:\\\/\\\/milosierdzie-faustyna.pl\\\/\"},{\"@type\":\"ListItem\",\"position\":2,\"name\":\"\ud83d\udd14PRZYGOTOWANIE DO PRZYJ\u0118CIA SAKRAMENTU BIERZMOWANIA &#8211; ZAPISY\"}]},{\"@type\":\"WebSite\",\"@id\":\"http:\\\/\\\/milosierdzie-faustyna.pl\\\/#website\",\"url\":\"http:\\\/\\\/milosierdzie-faustyna.pl\\\/\",\"name\":\"SANKTUARIUM \u015aW. FAUSTYNY\",\"description\":\"Parafia Mi\u0142osierdzia Bo\u017cego i \u015bw. Faustyny w Warszawie\",\"publisher\":{\"@id\":\"http:\\\/\\\/milosierdzie-faustyna.pl\\\/#organization\"},\"alternateName\":\"Parafia Mi\u0142osierdzia i \u015bw. Faustyny\",\"potentialAction\":[{\"@type\":\"SearchAction\",\"target\":{\"@type\":\"EntryPoint\",\"urlTemplate\":\"http:\\\/\\\/milosierdzie-faustyna.pl\\\/?s={search_term_string}\"},\"query-input\":{\"@type\":\"PropertyValueSpecification\",\"valueRequired\":true,\"valueName\":\"search_term_string\"}}],\"inLanguage\":\"pl-PL\"},{\"@type\":\"Organization\",\"@id\":\"http:\\\/\\\/milosierdzie-faustyna.pl\\\/#organization\",\"name\":\"SANKTUARIUM \u015aW. FAUSTYNY\",\"alternateName\":\"Parafia Mi\u0142osierdzia Bo\u017cego i \u015bw. Faustyny\",\"url\":\"http:\\\/\\\/milosierdzie-faustyna.pl\\\/\",\"logo\":{\"@type\":\"ImageObject\",\"inLanguage\":\"pl-PL\",\"@id\":\"http:\\\/\\\/milosierdzie-faustyna.pl\\\/#\\\/schema\\\/logo\\\/image\\\/\",\"url\":\"http:\\\/\\\/milosierdzie-faustyna.pl\\\/wp-content\\\/uploads\\\/2024\\\/11\\\/DSC4910-scaled.jpg\",\"contentUrl\":\"http:\\\/\\\/milosierdzie-faustyna.pl\\\/wp-content\\\/uploads\\\/2024\\\/11\\\/DSC4910-scaled.jpg\",\"width\":1707,\"height\":2560,\"caption\":\"SANKTUARIUM \u015aW. FAUSTYNY\"},\"image\":{\"@id\":\"http:\\\/\\\/milosierdzie-faustyna.pl\\\/#\\\/schema\\\/logo\\\/image\\\/\"},\"sameAs\":[\"https:\\\/\\\/www.facebook.com\\\/SanktuariumSwFaustyny\",\"https:\\\/\\\/www.instagram.com\\\/sanktuarium_sw.faustyny\\\/\",\"https:\\\/\\\/www.youtube.com\\\/@sanktuariumsw.faustynyprzy4967\"]},{\"@type\":\"Person\",\"@id\":\"http:\\\/\\\/milosierdzie-faustyna.pl\\\/#\\\/schema\\\/person\\\/29760652e565ae36316c1242be189025\",\"name\":\"Sanktuarium \u015bw. Faustyny\",\"image\":{\"@type\":\"ImageObject\",\"inLanguage\":\"pl-PL\",\"@id\":\"https:\\\/\\\/secure.gravatar.com\\\/avatar\\\/c092bd472375a3716c089cc240a146cbc3c124dc27a6ded5c35a40e123827f52?s=96&d=blank&r=g\",\"url\":\"https:\\\/\\\/secure.gravatar.com\\\/avatar\\\/c092bd472375a3716c089cc240a146cbc3c124dc27a6ded5c35a40e123827f52?s=96&d=blank&r=g\",\"contentUrl\":\"https:\\\/\\\/secure.gravatar.com\\\/avatar\\\/c092bd472375a3716c089cc240a146cbc3c124dc27a6ded5c35a40e123827f52?s=96&d=blank&r=g\",\"caption\":\"Sanktuarium \u015bw. Faustyny\"},\"sameAs\":[\"http:\\\/\\\/milosierdzie-faustyna.pl\"],\"url\":\"http:\\\/\\\/milosierdzie-faustyna.pl\\\/?author=1\"}]}<\/script>\n<!-- \/ Yoast SEO plugin. -->","yoast_head_json":{"title":"\ud83d\udd14PRZYGOTOWANIE DO PRZYJ\u0118CIA SAKRAMENTU BIERZMOWANIA - ZAPISY | SANKTUARIUM \u015aW. FAUSTYNY","robots":{"index":"index","follow":"follow","max-snippet":"max-snippet:-1","max-image-preview":"max-image-preview:large","max-video-preview":"max-video-preview:-1"},"canonical":"https:\/\/milosierdzie-faustyna.pl\/?p=3834","og_locale":"pl_PL","og_type":"article","og_title":"\ud83d\udd14PRZYGOTOWANIE DO PRZYJ\u0118CIA SAKRAMENTU BIERZMOWANIA - ZAPISY | SANKTUARIUM \u015aW. FAUSTYNY","og_description":"Serdecznie zapraszamy uczni\u00f3w klas VIII szko\u0142y podstawowej oraz uczni\u00f3w szk\u00f3\u0142 \u015brednich do udzia\u0142u w kursie przygotowuj\u0105cym do przyj\u0119cia Sakramentu Bierzmowania. \ud83d\udccd Zg\u0142oszenia przyjmujemy w zakrystii lub kancelarii parafialnej. Przygotowanie obejmie cykl spotka\u0144 formacyjnych, kt\u00f3re pomog\u0105 m\u0142odym ludziom lepiej zrozumie\u0107 wiar\u0119, \u015bwiadomie wybra\u0107 Chrystusa i otworzy\u0107 si\u0119 na dary Ducha \u015awi\u0119tego. Zapraszamy wszystkich, kt\u00f3rzy chc\u0105 pog\u0142\u0119bi\u0107 [&hellip;]","og_url":"https:\/\/milosierdzie-faustyna.pl\/?p=3834","og_site_name":"SANKTUARIUM \u015aW. FAUSTYNY","article_publisher":"https:\/\/www.facebook.com\/SanktuariumSwFaustyny","article_published_time":"2025-09-21T22:04:39+00:00","og_image":[{"url":"http:\/\/milosierdzie-faustyna.pl\/wp-content\/uploads\/2025\/09\/Post-Instagram-Dia-de-Pentecostes-Religioso-Minimalista-Branco-e-Dourado2-1024x858.jpg","type":"","width":"","height":""}],"author":"Sanktuarium \u015bw. Faustyny","twitter_card":"summary_large_image","twitter_misc":{"Napisane przez":"Sanktuarium \u015bw. Faustyny","Szacowany czas czytania":"2 minuty"},"schema":{"@context":"https:\/\/schema.org","@graph":[{"@type":"Article","@id":"https:\/\/milosierdzie-faustyna.pl\/?p=3834#article","isPartOf":{"@id":"https:\/\/milosierdzie-faustyna.pl\/?p=3834"},"author":{"name":"Sanktuarium \u015bw. Faustyny","@id":"http:\/\/milosierdzie-faustyna.pl\/#\/schema\/person\/29760652e565ae36316c1242be189025"},"headline":"\ud83d\udd14PRZYGOTOWANIE DO PRZYJ\u0118CIA SAKRAMENTU BIERZMOWANIA &#8211; ZAPISY","datePublished":"2025-09-21T22:04:39+00:00","mainEntityOfPage":{"@id":"https:\/\/milosierdzie-faustyna.pl\/?p=3834"},"wordCount":188,"publisher":{"@id":"http:\/\/milosierdzie-faustyna.pl\/#organization"},"image":{"@id":"https:\/\/milosierdzie-faustyna.pl\/?p=3834#primaryimage"},"thumbnailUrl":"http:\/\/milosierdzie-faustyna.pl\/wp-content\/uploads\/2025\/09\/Post-Instagram-Dia-de-Pentecostes-Religioso-Minimalista-Branco-e-Dourado2-1024x858.jpg","keywords":["ArchidiecezjaWarszawska","bierzmowanie","bierzmowanie2026","Bo\u017ceMi\u0142osierdzie","Duch\u015awi\u0119ty","katolicyzm","Ko\u015bci\u00f3\u0142Katolicki","przygotowaniedobierzmowania","sakramenty","Sanktuarium\u015awi\u0119tejFaustyny","\u015awi\u0119taFaustyna","Warszawa","wiarawpraktyce","\u017cyciezBogiem","\u017bytnia1"],"inLanguage":"pl-PL"},{"@type":"WebPage","@id":"https:\/\/milosierdzie-faustyna.pl\/?p=3834","url":"https:\/\/milosierdzie-faustyna.pl\/?p=3834","name":"\ud83d\udd14PRZYGOTOWANIE DO PRZYJ\u0118CIA SAKRAMENTU BIERZMOWANIA - ZAPISY | SANKTUARIUM \u015aW. FAUSTYNY","isPartOf":{"@id":"http:\/\/milosierdzie-faustyna.pl\/#website"},"primaryImageOfPage":{"@id":"https:\/\/milosierdzie-faustyna.pl\/?p=3834#primaryimage"},"image":{"@id":"https:\/\/milosierdzie-faustyna.pl\/?p=3834#primaryimage"},"thumbnailUrl":"http:\/\/milosierdzie-faustyna.pl\/wp-content\/uploads\/2025\/09\/Post-Instagram-Dia-de-Pentecostes-Religioso-Minimalista-Branco-e-Dourado2-1024x858.jpg","datePublished":"2025-09-21T22:04:39+00:00","breadcrumb":{"@id":"https:\/\/milosierdzie-faustyna.pl\/?p=3834#breadcrumb"},"inLanguage":"pl-PL","potentialAction":[{"@type":"ReadAction","target":["https:\/\/milosierdzie-faustyna.pl\/?p=3834"]}]},{"@type":"ImageObject","inLanguage":"pl-PL","@id":"https:\/\/milosierdzie-faustyna.pl\/?p=3834#primaryimage","url":"http:\/\/milosierdzie-faustyna.pl\/wp-content\/uploads\/2025\/09\/Post-Instagram-Dia-de-Pentecostes-Religioso-Minimalista-Branco-e-Dourado2.jpg","contentUrl":"http:\/\/milosierdzie-faustyna.pl\/wp-content\/uploads\/2025\/09\/Post-Instagram-Dia-de-Pentecostes-Religioso-Minimalista-Branco-e-Dourado2.jpg","width":2468,"height":2069},{"@type":"BreadcrumbList","@id":"https:\/\/milosierdzie-faustyna.pl\/?p=3834#breadcrumb","itemListElement":[{"@type":"ListItem","position":1,"name":"Strona g\u0142\u00f3wna","item":"http:\/\/milosierdzie-faustyna.pl\/"},{"@type":"ListItem","position":2,"name":"\ud83d\udd14PRZYGOTOWANIE DO PRZYJ\u0118CIA SAKRAMENTU BIERZMOWANIA &#8211; ZAPISY"}]},{"@type":"WebSite","@id":"http:\/\/milosierdzie-faustyna.pl\/#website","url":"http:\/\/milosierdzie-faustyna.pl\/","name":"SANKTUARIUM \u015aW. FAUSTYNY","description":"Parafia Mi\u0142osierdzia Bo\u017cego i \u015bw. Faustyny w Warszawie","publisher":{"@id":"http:\/\/milosierdzie-faustyna.pl\/#organization"},"alternateName":"Parafia Mi\u0142osierdzia i \u015bw. Faustyny","potentialAction":[{"@type":"SearchAction","target":{"@type":"EntryPoint","urlTemplate":"http:\/\/milosierdzie-faustyna.pl\/?s={search_term_string}"},"query-input":{"@type":"PropertyValueSpecification","valueRequired":true,"valueName":"search_term_string"}}],"inLanguage":"pl-PL"},{"@type":"Organization","@id":"http:\/\/milosierdzie-faustyna.pl\/#organization","name":"SANKTUARIUM \u015aW. FAUSTYNY","alternateName":"Parafia Mi\u0142osierdzia Bo\u017cego i \u015bw. Faustyny","url":"http:\/\/milosierdzie-faustyna.pl\/","logo":{"@type":"ImageObject","inLanguage":"pl-PL","@id":"http:\/\/milosierdzie-faustyna.pl\/#\/schema\/logo\/image\/","url":"http:\/\/milosierdzie-faustyna.pl\/wp-content\/uploads\/2024\/11\/DSC4910-scaled.jpg","contentUrl":"http:\/\/milosierdzie-faustyna.pl\/wp-content\/uploads\/2024\/11\/DSC4910-scaled.jpg","width":1707,"height":2560,"caption":"SANKTUARIUM \u015aW. FAUSTYNY"},"image":{"@id":"http:\/\/milosierdzie-faustyna.pl\/#\/schema\/logo\/image\/"},"sameAs":["https:\/\/www.facebook.com\/SanktuariumSwFaustyny","https:\/\/www.instagram.com\/sanktuarium_sw.faustyny\/","https:\/\/www.youtube.com\/@sanktuariumsw.faustynyprzy4967"]},{"@type":"Person","@id":"http:\/\/milosierdzie-faustyna.pl\/#\/schema\/person\/29760652e565ae36316c1242be189025","name":"Sanktuarium \u015bw. Faustyny","image":{"@type":"ImageObject","inLanguage":"pl-PL","@id":"https:\/\/secure.gravatar.com\/avatar\/c092bd472375a3716c089cc240a146cbc3c124dc27a6ded5c35a40e123827f52?s=96&d=blank&r=g","url":"https:\/\/secure.gravatar.com\/avatar\/c092bd472375a3716c089cc240a146cbc3c124dc27a6ded5c35a40e123827f52?s=96&d=blank&r=g","contentUrl":"https:\/\/secure.gravatar.com\/avatar\/c092bd472375a3716c089cc240a146cbc3c124dc27a6ded5c35a40e123827f52?s=96&d=blank&r=g","caption":"Sanktuarium \u015bw. Faustyny"},"sameAs":["http:\/\/milosierdzie-faustyna.pl"],"url":"http:\/\/milosierdzie-faustyna.pl\/?author=1"}]}},"_links":{"self":[{"href":"http:\/\/milosierdzie-faustyna.pl\/index.php?rest_route=\/wp\/v2\/posts\/3834","targetHints":{"allow":["GET"]}}],"collection":[{"href":"http:\/\/milosierdzie-faustyna.pl\/index.php?rest_route=\/wp\/v2\/posts"}],"about":[{"href":"http:\/\/milosierdzie-faustyna.pl\/index.php?rest_route=\/wp\/v2\/types\/post"}],"author":[{"embeddable":true,"href":"http:\/\/milosierdzie-faustyna.pl\/index.php?rest_route=\/wp\/v2\/users\/1"}],"replies":[{"embeddable":true,"href":"http:\/\/milosierdzie-faustyna.pl\/index.php?rest_route=%2Fwp%2Fv2%2Fcomments&post=3834"}],"version-history":[{"count":1,"href":"http:\/\/milosierdzie-faustyna.pl\/index.php?rest_route=\/wp\/v2\/posts\/3834\/revisions"}],"predecessor-version":[{"id":3836,"href":"http:\/\/milosierdzie-faustyna.pl\/index.php?rest_route=\/wp\/v2\/posts\/3834\/revisions\/3836"}],"wp:attachment":[{"href":"http:\/\/milosierdzie-faustyna.pl\/index.php?rest_route=%2Fwp%2Fv2%2Fmedia&parent=3834"}],"wp:term":[{"taxonomy":"category","embeddable":true,"href":"http:\/\/milosierdzie-faustyna.pl\/index.php?rest_route=%2Fwp%2Fv2%2Fcategories&post=3834"},{"taxonomy":"post_tag","embeddable":true,"href":"http:\/\/milosierdzie-faustyna.pl\/index.php?rest_route=%2Fwp%2Fv2%2Ftags&post=3834"}],"curies":[{"name":"wp","href":"https:\/\/api.w.org\/{rel}","templated":true}]}}